{"id":2709,"date":"2025-04-24T10:56:34","date_gmt":"2025-04-24T10:56:34","guid":{"rendered":"https:\/\/verdadincomodadiario.ar\/?p=2709"},"modified":"2025-04-24T10:56:34","modified_gmt":"2025-04-24T10:56:34","slug":"volkswagen-dio-marcha-atras-con-los-aumentos-y-no-ajustara-sus-precios","status":"publish","type":"post","link":"https:\/\/verdadincomodadiario.ar\/?p=2709","title":{"rendered":"Volkswagen dio marcha atr\u00e1s con los aumentos y no ajustar\u00e1 sus precios"},"content":{"rendered":"<p>La industria automotriz recibi\u00f3 con cautela la noticia del <a href=\"https:\/\/derechadiario.com.ar\/economia\/tras-salida-del-cepo-se-derrumbo-demanda-dolares-los-bancos\" target=\"_blank\" title=\"Tras la salida del cepo, se derrumb\u00f3 la demanda de d\u00f3lares en los bancos\">levantamiento del cepo<\/a> cambiario por parte del Gobierno de <strong>Javier Milei<\/strong>. En los primeros d\u00edas tras conocerse la medida, las terminales optaron por <strong>esperar<\/strong> y analizar sus pr\u00f3ximos pasos en <a href=\"https:\/\/derechadiario.com.ar\/economia\/sin-intervencion-del-estado-empresas-dan-marcha-atras-aumentos-hasta-20\" target=\"_blank\" title=\"Sin intervenci\u00f3n del Estado, empresas dan marcha atr\u00e1s en aumentos de hasta 20%\">materia de precios<\/a>.<\/p>\n<p>Sin embargo, uno de los movimientos m\u00e1s criticados fue el de <strong>Volkswagen<\/strong>, que decidi\u00f3 aplicar un <strong>aumento cercano al 3%<\/strong> en sus precios de lista poco despu\u00e9s del fin de las restricciones cambiarias.<\/p>\n<p>No obstante, una semana m\u00e1s tarde, la compa\u00f1\u00eda resolvi\u00f3 <strong>dar marcha atr\u00e1s con ese ajuste<\/strong>. La noticia fue confirmada por el ministro de Econom\u00eda, <strong>Luis &#8220;Toto&#8221; Caputo<\/strong>, a trav\u00e9s de su cuenta en X.<\/p>\n<div class=\"inter_image image_horizontal\">\n<picture><source class=\"img-responsive\" type=\"image\/webp\" data-srcset=\"\/filesedc\/uploads\/image\/post\/autotag_300_200.webp 300w, \n\/filesedc\/uploads\/image\/post\/autotag_630_420.webp 630w,\n                                \/filesedc\/uploads\/image\/post\/autotag_760_507.webp 760w,\n                                \/filesedc\/uploads\/image\/post\/autotag_1200_800.webp 1200w,\n                                \/filesedc\/uploads\/image\/post\/autotag_1600_1067.webp 1600w\"><img decoding=\"async\" src=\"https:\/\/derechadiario.com.ar\/filesedc\/uploads\/image\/post\/autotag_1200_800.webp\" class=\"img-responsive lazyload\" alt=\"Un concesionario de autom\u00f3viles con varios veh\u00edculos Volkswagen exhibidos en un espacio moderno y bien iluminado.\" title=\"Un concesionario de autom\u00f3viles con varios veh\u00edculos Volkswagen exhibidos en un espacio moderno y bien iluminado.\"><\/picture>\n<div>\n<span class=\"img_footer\">Concesionaria de Volkswagen. <\/span>| <span class=\"img_author\">La Derecha Diario<\/span>\n<\/div>\n<\/div>\n<p>&#8220;<strong>Volkswagen retrotrajo la suba de 3% que hab\u00eda dispuesto post salida del cepo. De esta manera, ninguna automotriz subi\u00f3 precios.\u00a0Como siempre, la competencia favorece a los consumidores<\/strong>&#8220;, expres\u00f3 el funcionario. Por el momento, la nueva lista oficial de precios a\u00fan no fue publicada.<\/p>\n<aside class=\"are-you-interested-container-photo\"><\/aside>\n<p>&#8220;<strong>Se pudo negociar con la casa matriz para retrotraer la medida<\/strong>&#8220;, indicaron fuentes cercanas a la automotriz. De esta manera, tal como se\u00f1al\u00f3 el ministro Caputo, actualmente <strong>ninguna terminal implement\u00f3 incrementos de precios tras la eliminaci\u00f3n del cepo cambiario<\/strong>.<\/p>\n<p>En tanto, durante las \u00faltimas horas del pasado viernes, desde la C\u00e1mara de Importadores y Distribuidores Oficiales de Automotores (Cidoa) aseguraron que <strong>ninguna de las marcas agrupadas en la entidad hab\u00eda ajustado sus precios<\/strong>.<\/p>\n<figure><img decoding=\"async\" src=\"https:\/\/derechadiario.com.ar\/filesedc\/uploads\/image\/post\/678bb4f4f00a8_1200_800.webp\" class=\"img-responsive lazyload\" alt=\"Dos personas posando para una selfie en un interior.\" title=\"Dos personas posando para una selfie en un interior.\"><\/figure>\n<p>Entre las compa\u00f1\u00edas representadas por Cidoa se encuentran Baic, BMW, BYD, Chery, DFSK, Foton, Great Wall, Haval, Hyundai, Isuzu, JAC, Jaguar, JMC, Kia, Land Rover, Mack, Mini, Porsche, Shineray, Subaru, Suzuki, Volvo y Mitsubishi.<\/p>\n<aside class=\"whatsappChannelText\"><a href=\"https:\/\/whatsapp.com\/channel\/0029VagEjILGE56eKjedWF2U\" rel=\"nofollow\" title=\"WhatsApp Link\"><img alt=\"Logo de WhatsApp\" class=\"lazyload\" data-src=\"https:\/\/derechadiario.com.ar\/filesedc\/uploads\/other\/whatsapp_icon_mid_article.png\" width=\"32\" height=\"32\"><\/a> <a href=\"https:\/\/whatsapp.com\/channel\/0029VagEjILGE56eKjedWF2U\" rel=\"nofollow\" title=\"WhatsApp Link\"><strong>NO SE PIERDAN NINGUNA NOTICIA<\/strong>: Click aqu\u00ed para sumarte <strong>GRATIS<\/strong> al canal de noticias de <strong>La Derecha Diario en WhatsApp.<\/strong><\/a><\/aside>\n<p>El pasado jueves, el ministro de Econom\u00eda hab\u00eda tomado una postura similar en relaci\u00f3n a los precios de Molinos en las g\u00f3ndolas de los supermercados. &#8220;<strong>Molinos retrotrajo toda la suba de precios. Buena reacci\u00f3n. Y sobre todo, gran gesti\u00f3n de los supermercados, cuidando a sus clientes<\/strong>&#8220;, expres\u00f3 el funcionario en su cuenta de X.<\/p>\n","protected":false},"excerpt":{"rendered":"<p>La industria automotriz recibi\u00f3 con cautela la noticia del levantamiento del cepo cambiario por parte del Gobierno de Javier Milei. En los primeros d\u00edas tras conocerse la medida, las terminales optaron por esperar y analizar sus pr\u00f3ximos pasos en materia de precios. Sin embargo, uno de los movimientos m\u00e1s criticados fue el de Volkswagen, que [&hellip;]<\/p>\n","protected":false},"author":2,"featured_media":2710,"comment_status":"open","ping_status":"open","sticky":false,"template":"","format":"standard","meta":{"_et_pb_use_builder":"","_et_pb_old_content":"","_et_gb_content_width":"","footnotes":""},"categories":[80],"tags":[],"class_list":["post-2709","post","type-post","status-publish","format-standard","has-post-thumbnail","hentry","category-economia-2"],"_links":{"self":[{"href":"https:\/\/verdadincomodadiario.ar\/index.php?rest_route=\/wp\/v2\/posts\/2709","targetHints":{"allow":["GET"]}}],"collection":[{"href":"https:\/\/verdadincomodadiario.ar\/index.php?rest_route=\/wp\/v2\/posts"}],"about":[{"href":"https:\/\/verdadincomodadiario.ar\/index.php?rest_route=\/wp\/v2\/types\/post"}],"author":[{"embeddable":true,"href":"https:\/\/verdadincomodadiario.ar\/index.php?rest_route=\/wp\/v2\/users\/2"}],"replies":[{"embeddable":true,"href":"https:\/\/verdadincomodadiario.ar\/index.php?rest_route=%2Fwp%2Fv2%2Fcomments&post=2709"}],"version-history":[{"count":0,"href":"https:\/\/verdadincomodadiario.ar\/index.php?rest_route=\/wp\/v2\/posts\/2709\/revisions"}],"wp:featuredmedia":[{"embeddable":true,"href":"https:\/\/verdadincomodadiario.ar\/index.php?rest_route=\/wp\/v2\/media\/2710"}],"wp:attachment":[{"href":"https:\/\/verdadincomodadiario.ar\/index.php?rest_route=%2Fwp%2Fv2%2Fmedia&parent=2709"}],"wp:term":[{"taxonomy":"category","embeddable":true,"href":"https:\/\/verdadincomodadiario.ar\/index.php?rest_route=%2Fwp%2Fv2%2Fcategories&post=2709"},{"taxonomy":"post_tag","embeddable":true,"href":"https:\/\/verdadincomodadiario.ar\/index.php?rest_route=%2Fwp%2Fv2%2Ftags&post=2709"}],"curies":[{"name":"wp","href":"https:\/\/api.w.org\/{rel}","templated":true}]}}