{"id":2707,"date":"2025-04-24T10:56:35","date_gmt":"2025-04-24T10:56:35","guid":{"rendered":"https:\/\/verdadincomodadiario.ar\/?p=2707"},"modified":"2025-04-24T10:56:35","modified_gmt":"2025-04-24T10:56:35","slug":"salida-del-cepo-cambiario-bonafide-anulo-una-suba-del-6-en-el-precio-del-cafe","status":"publish","type":"post","link":"https:\/\/verdadincomodadiario.ar\/?p=2707","title":{"rendered":"Salida del cepo cambiario: Bonafide anul\u00f3 una suba del 6% en el precio del caf\u00e9"},"content":{"rendered":"<p>En medio de un escenario de creciente revisi\u00f3n de precios por parte de empresas de numerosos rubros, <strong>Bonafide<\/strong> tom\u00f3 la decisi\u00f3n de <strong>anular una\u00a0suba del 6% en el precio del Caf\u00e9<\/strong>, que hab\u00eda sido <a href=\"https:\/\/derechadiario.com.ar\/economia\/volkswagen-dio-marcha-atras-con-los-aumentos-y-no-ajustara-sus-precios\" target=\"_blank\" title=\"Volkswagen dio marcha atr\u00e1s con los aumentos y no ajustar\u00e1 sus precios\">comunicado<\/a> apenas unos d\u00edas antes, tras el <a href=\"https:\/\/derechadiario.com.ar\/economia\/tras-salida-del-cepo-se-derrumbo-demanda-dolares-los-bancos\" target=\"_blank\" title=\"Tras la salida del cepo, se derrumb\u00f3 la demanda de d\u00f3lares en los bancos\">levantamiento del cepo<\/a> cambiario por parte del Gobierno de <strong>Javier Milei<\/strong>.<\/p>\n<p>La medida fue confirmada por un franquiciado de la marca a trav\u00e9s de un posteo en la red social X, donde comparti\u00f3 una imagen del correo electr\u00f3nico oficial que recibi\u00f3 por parte de la compa\u00f1\u00eda.<\/p>\n<p>El mensaje, titulado &#8220;<strong>Actualizaci\u00f3n lista de precios CE \u2013 Anulaci\u00f3n de Aumento del 6% en caf\u00e9<\/strong>&#8220;, indica que la empresa resolvi\u00f3 dejar sin efecto la suba aplicada el 14 de abril. &#8220;<strong>Adjuntamos actualizaci\u00f3n de lista de precios, informando que retrotraemos el aumento en Caf\u00e9 del 6% que se comunicara el d\u00eda 14\/4, por lo tanto, los precios quedar\u00e1n al mismo valor previo a dicho aumento<\/strong>&#8220;, se\u00f1ala el comunicado.<\/p>\n<div class=\"inter_image image_vertical\">\n<picture><source class=\"img-responsive\" type=\"image\/webp\" data-srcset=\"\/filesedc\/uploads\/image\/post\/gpjvbixwgbuppkj_300_400.webp 300w, \n\/filesedc\/uploads\/image\/post\/gpjvbixwgbuppkj_630_840.webp 630w,\n                                \/filesedc\/uploads\/image\/post\/gpjvbixwgbuppkj_760_1013.webp 760w,\n                                \/filesedc\/uploads\/image\/post\/gpjvbixwgbuppkj_1200_1600.webp 1200w,\n                                \/filesedc\/uploads\/image\/post\/gpjvbixwgbuppkj_1600_2133.webp 1600w\"><img decoding=\"async\" src=\"https:\/\/derechadiario.com.ar\/filesedc\/uploads\/image\/post\/gpjvbixwgbuppkj_1200_1600.webp\" class=\"img-responsive lazyload\" alt=\"Un hombre sonriente con el pulgar hacia arriba frente a una tienda de Bonafide con un cartel que dice que Bonafide dio marcha atr\u00e1s en su aumento del 6% para el caf\u00e9.\" title=\"Un hombre sonriente con el pulgar hacia arriba frente a una tienda de Bonafide con un cartel que dice que Bonafide dio marcha atr\u00e1s en su aumento del 6% para el caf\u00e9.\"><\/picture>\n<div>\n<span class=\"img_footer\">Bonafide anula aumentos de precios. <\/span>| <span class=\"img_author\">La Derecha Diario<\/span>\n<\/div>\n<\/div>\n<p>Adem\u00e1s, Bonafide inform\u00f3 que a los franquiciados que hayan recibido facturas con los nuevos precios se les emitir\u00e1 una nota de cr\u00e9dito reconociendo la <strong>diferencia cobrada<\/strong>.<\/p>\n<aside class=\"are-you-interested-container-photo\"><\/aside>\n<p>Esta decisi\u00f3n llega en un contexto donde varias empresas hab\u00edan aplicado aumentos de precios argumentando un supuesto impacto inmediato por el fin del cepo y una posible suba del d\u00f3lar. Sin embargo, lo que se observ\u00f3 en los d\u00edas posteriores fue una <strong>fuerte ca\u00edda del tipo de cambio<\/strong>, acompa\u00f1ada por una estabilidad macroecon\u00f3mica, lo que desinfl\u00f3 las expectativas inflacionarias.<\/p>\n<figure><img decoding=\"async\" src=\"https:\/\/derechadiario.com.ar\/filesedc\/uploads\/image\/post\/-1x-1-1739913552197_1200_800.webp\" class=\"img-responsive lazyload\" alt=\"Un hombre sonriente con el pu\u00f1o levantado en un evento en Nueva York.\" title=\"Un hombre sonriente con el pu\u00f1o levantado en un evento en Nueva York.\"><\/figure>\n<p>El gesto de Bonafide se suma as\u00ed a una tendencia que comienza a tomar fuerza: compa\u00f1\u00edas que hab\u00edan incrementado sus precios de forma preventiva ahora se ven presionadas a <strong>revisar esas decisiones<\/strong>. La presi\u00f3n no solo <strong>proviene del mercado<\/strong> y los <strong>consumidores<\/strong>, sino tambi\u00e9n del entorno competitivo, donde las marcas que mantengan precios m\u00e1s accesibles podr\u00edan captar una <strong>mayor porci\u00f3n de la demanda<\/strong>.<\/p>\n<aside class=\"whatsappChannelText\"><a href=\"https:\/\/whatsapp.com\/channel\/0029VagEjILGE56eKjedWF2U\" rel=\"nofollow\" title=\"WhatsApp Link\"><img alt=\"Logo de WhatsApp\" class=\"lazyload\" data-src=\"https:\/\/derechadiario.com.ar\/filesedc\/uploads\/other\/whatsapp_icon_mid_article.png\" width=\"32\" height=\"32\"><\/a> <a href=\"https:\/\/whatsapp.com\/channel\/0029VagEjILGE56eKjedWF2U\" rel=\"nofollow\" title=\"WhatsApp Link\"><strong>NO SE PIERDAN NINGUNA NOTICIA<\/strong>: Click aqu\u00ed para sumarte <strong>GRATIS<\/strong> al canal de noticias de <strong>La Derecha Diario en WhatsApp.<\/strong><\/a><\/aside>\n<p>Bonafide, con esta medida, busca preservar la relaci\u00f3n con sus franquiciados y clientes, y adaptarse r\u00e1pidamente a las nuevas condiciones del mercado. En un momento donde los consumidores est\u00e1n cada vez m\u00e1s atentos a los precios, decisiones como esta marcan una diferencia significativa en la percepci\u00f3n de las marcas.<\/p>\n","protected":false},"excerpt":{"rendered":"<p>En medio de un escenario de creciente revisi\u00f3n de precios por parte de empresas de numerosos rubros, Bonafide tom\u00f3 la decisi\u00f3n de anular una\u00a0suba del 6% en el precio del Caf\u00e9, que hab\u00eda sido comunicado apenas unos d\u00edas antes, tras el levantamiento del cepo cambiario por parte del Gobierno de Javier Milei. La medida fue [&hellip;]<\/p>\n","protected":false},"author":2,"featured_media":2708,"comment_status":"open","ping_status":"open","sticky":false,"template":"","format":"standard","meta":{"_et_pb_use_builder":"","_et_pb_old_content":"","_et_gb_content_width":"","footnotes":""},"categories":[80],"tags":[],"class_list":["post-2707","post","type-post","status-publish","format-standard","has-post-thumbnail","hentry","category-economia-2"],"_links":{"self":[{"href":"https:\/\/verdadincomodadiario.ar\/index.php?rest_route=\/wp\/v2\/posts\/2707","targetHints":{"allow":["GET"]}}],"collection":[{"href":"https:\/\/verdadincomodadiario.ar\/index.php?rest_route=\/wp\/v2\/posts"}],"about":[{"href":"https:\/\/verdadincomodadiario.ar\/index.php?rest_route=\/wp\/v2\/types\/post"}],"author":[{"embeddable":true,"href":"https:\/\/verdadincomodadiario.ar\/index.php?rest_route=\/wp\/v2\/users\/2"}],"replies":[{"embeddable":true,"href":"https:\/\/verdadincomodadiario.ar\/index.php?rest_route=%2Fwp%2Fv2%2Fcomments&post=2707"}],"version-history":[{"count":0,"href":"https:\/\/verdadincomodadiario.ar\/index.php?rest_route=\/wp\/v2\/posts\/2707\/revisions"}],"wp:featuredmedia":[{"embeddable":true,"href":"https:\/\/verdadincomodadiario.ar\/index.php?rest_route=\/wp\/v2\/media\/2708"}],"wp:attachment":[{"href":"https:\/\/verdadincomodadiario.ar\/index.php?rest_route=%2Fwp%2Fv2%2Fmedia&parent=2707"}],"wp:term":[{"taxonomy":"category","embeddable":true,"href":"https:\/\/verdadincomodadiario.ar\/index.php?rest_route=%2Fwp%2Fv2%2Fcategories&post=2707"},{"taxonomy":"post_tag","embeddable":true,"href":"https:\/\/verdadincomodadiario.ar\/index.php?rest_route=%2Fwp%2Fv2%2Ftags&post=2707"}],"curies":[{"name":"wp","href":"https:\/\/api.w.org\/{rel}","templated":true}]}}