{"id":2607,"date":"2025-04-23T18:47:12","date_gmt":"2025-04-23T18:47:12","guid":{"rendered":"https:\/\/www.verdadincomodadiario.ar\/?p=2607"},"modified":"2025-04-23T18:47:12","modified_gmt":"2025-04-23T18:47:12","slug":"tras-la-caida-del-dolar-medife-y-swiss-medical-reducen-los-aumentos-de-mayo","status":"publish","type":"post","link":"https:\/\/verdadincomodadiario.ar\/?p=2607","title":{"rendered":"Tras la ca\u00edda del d\u00f3lar, Medif\u00e9 y Swiss Medical reducen los aumentos de mayo"},"content":{"rendered":"<p>Tras la fuerte ca\u00edda del d\u00f3lar oficial y la presi\u00f3n de los consumidores, <a href=\"https:\/\/derechadiario.com.ar\/economia\/salida-del-cepo-cambiario-bonafide-anulo-suba-del-6-precio-del-cafe\" target=\"_blank\" title=\"Salida del cepo cambiario: Bonafide anul\u00f3 una suba del 6% en el precio del caf\u00e9\">varias empresas<\/a> de medicina prepaga tomaron la decisi\u00f3n de <a href=\"https:\/\/derechadiario.com.ar\/economia\/volkswagen-dio-marcha-atras-con-los-aumentos-y-no-ajustara-sus-precios\" target=\"_blank\" title=\"Volkswagen dio marcha atr\u00e1s con los aumentos y no ajustar\u00e1 sus precios\"><strong>reducir los aumentos previstos<\/strong><\/a>\u00a0para el mes mayo.<\/p>\n<p>Al menos dos compa\u00f1\u00edas decidieron aplicar una <strong>suba inferior<\/strong> a la que hab\u00edan anunciado para las cuotas de mayo. Esta decisi\u00f3n se toma luego de una reuni\u00f3n clave entre directivos del sector y funcionarios del Ministerio de Salud, donde se plantearon objeciones sobre c\u00f3mo se ven\u00edan estableciendo los incrementos.<\/p>\n<p>Las empresas que decidieron retroceder en sus aumentos son <strong>Medif\u00e9<\/strong> y <strong>Swiss Medical<\/strong>. En el caso de Medif\u00e9, sus afiliados fueron informados la semana pasada de un aumento del <strong>3,7% para mayo<\/strong>, en l\u00ednea con la inflaci\u00f3n de marzo seg\u00fan el \u00cdndice de Precios al Consumidor (IPC). Sin embargo, una nueva comunicaci\u00f3n enviada este jueves indic\u00f3 que <strong>el aumento ser\u00e1 finalmente menor<\/strong>.<\/p>\n<div class=\"inter_image image_horizontal\">\n<picture><source class=\"img-responsive\" type=\"image\/webp\" data-srcset=\"\/filesedc\/uploads\/image\/post\/prepagasjpg_300_200.webp 300w, \n\/filesedc\/uploads\/image\/post\/prepagasjpg_630_420.webp 630w,\n                                \/filesedc\/uploads\/image\/post\/prepagasjpg_760_507.webp 760w,\n                                \/filesedc\/uploads\/image\/post\/prepagasjpg_1200_800.webp 1200w,\n                                \/filesedc\/uploads\/image\/post\/prepagasjpg_1600_1067.webp 1600w\"><img decoding=\"async\" src=\"https:\/\/derechadiario.com.ar\/filesedc\/uploads\/image\/post\/prepagasjpg_1200_800.webp\" class=\"img-responsive lazyload\" alt=\"Un m\u00e9dico con bata blanca y estetoscopio escribe en un portapapeles mientras conversa con un paciente.\" title=\"Un m\u00e9dico con bata blanca y estetoscopio escribe en un portapapeles mientras conversa con un paciente.\"><\/picture>\n<div>\n<span class=\"img_footer\">Prepagas reducen los aumentos de mayo. <\/span>| <span class=\"img_author\">La Derecha Diario<\/span>\n<\/div>\n<\/div>\n<p>&#8220;<strong>Hemos decidido acompa\u00f1ar a nuestros asociados en estos momentos, absorbiendo parte de este incremento<\/strong>&#8220;, expres\u00f3 la nota de Medif\u00e9, refiri\u00e9ndose al aumento original previsto. La suba definitiva ser\u00e1 del <strong>2,7%<\/strong>.<\/p>\n<aside class=\"are-you-interested-container-photo\"><\/aside>\n<p>Por su parte, <strong>Swiss Medical<\/strong> adopt\u00f3 una postura similar. Fuentes de la empresa confirmaron que entre el jueves y el viernes comenzaron a enviarse las <strong>nuevas notificaciones<\/strong>, donde se informa que el incremento en las cuotas ser\u00e1 del <strong>2,4%<\/strong>, en lugar del 3,7% anunciado previamente.<\/p>\n<p>&#8220;<strong>No nos gusta comunicar aumentos<\/strong>&#8220;, se\u00f1ala el mensaje de la prepaga, &#8220;<strong>pero tenemos la responsabilidad de garantizarte el servicio de salud que te merec\u00e9s<\/strong>&#8220;.\u00a0Adem\u00e1s, agrega: &#8220;<strong>En los \u00faltimos d\u00edas observamos una estabilizaci\u00f3n del tipo de cambio en niveles inferiores a los previstos inicialmente, lo que nos permite reducir el aumento anunciado sin comprometer la calidad del servicio<\/strong>&#8220;.<\/p>\n<figure><img decoding=\"async\" src=\"https:\/\/derechadiario.com.ar\/filesedc\/uploads\/image\/post\/-1x-1-1739913552197_1200_800.webp\" class=\"img-responsive lazyload\" alt=\"Un hombre sonriente con el pu\u00f1o levantado en un evento en Nueva York.\" title=\"Un hombre sonriente con el pu\u00f1o levantado en un evento en Nueva York.\"><\/figure>\n<aside class=\"whatsappChannelText\"><a href=\"https:\/\/whatsapp.com\/channel\/0029VagEjILGE56eKjedWF2U\" rel=\"nofollow\" title=\"WhatsApp Link\"><img alt=\"Logo de WhatsApp\" class=\"lazyload\" data-src=\"https:\/\/derechadiario.com.ar\/filesedc\/uploads\/other\/whatsapp_icon_mid_article.png\" width=\"32\" height=\"32\"><\/a> <a href=\"https:\/\/whatsapp.com\/channel\/0029VagEjILGE56eKjedWF2U\" rel=\"nofollow\" title=\"WhatsApp Link\"><strong>NO SE PIERDAN NINGUNA NOTICIA<\/strong>: Click aqu\u00ed para sumarte <strong>GRATIS<\/strong> al canal de noticias de <strong>La Derecha Diario en WhatsApp.<\/strong><\/a><\/aside>\n<p>Asimismo, la compa\u00f1\u00eda aclar\u00f3 que, en caso de que alg\u00fan afiliado reciba una factura con el aumento original del 3,7%, &#8220;<strong>la diferencia ser\u00e1 acreditada autom\u00e1ticamente en la cuota del mes siguiente<\/strong>&#8220;. Esta medida busca evitar confusiones y asegurar que no haya cargos adicionales.<\/p>\n<p>Esta decisi\u00f3n llega en un contexto donde varias empresas hab\u00edan aplicado aumentos de precios argumentando un supuesto impacto inmediato por el fin del cepo y una posible suba del d\u00f3lar. Sin embargo, lo que se observ\u00f3 en los d\u00edas posteriores fue una\u00a0fuerte ca\u00edda del tipo de cambio, acompa\u00f1ada por una estabilidad macroecon\u00f3mica, lo que desinfl\u00f3 las expectativas inflacionarias.<\/p>\n","protected":false},"excerpt":{"rendered":"<p>Tras la fuerte ca\u00edda del d\u00f3lar oficial y la presi\u00f3n de los consumidores, varias empresas de medicina prepaga tomaron la decisi\u00f3n de reducir los aumentos previstos\u00a0para el mes mayo. Al menos dos compa\u00f1\u00edas decidieron aplicar una suba inferior a la que hab\u00edan anunciado para las cuotas de mayo. Esta decisi\u00f3n se toma luego de una [&hellip;]<\/p>\n","protected":false},"author":2,"featured_media":2608,"comment_status":"open","ping_status":"open","sticky":false,"template":"","format":"standard","meta":{"_et_pb_use_builder":"","_et_pb_old_content":"","_et_gb_content_width":"","footnotes":""},"categories":[80],"tags":[],"class_list":["post-2607","post","type-post","status-publish","format-standard","has-post-thumbnail","hentry","category-economia-2"],"_links":{"self":[{"href":"https:\/\/verdadincomodadiario.ar\/index.php?rest_route=\/wp\/v2\/posts\/2607","targetHints":{"allow":["GET"]}}],"collection":[{"href":"https:\/\/verdadincomodadiario.ar\/index.php?rest_route=\/wp\/v2\/posts"}],"about":[{"href":"https:\/\/verdadincomodadiario.ar\/index.php?rest_route=\/wp\/v2\/types\/post"}],"author":[{"embeddable":true,"href":"https:\/\/verdadincomodadiario.ar\/index.php?rest_route=\/wp\/v2\/users\/2"}],"replies":[{"embeddable":true,"href":"https:\/\/verdadincomodadiario.ar\/index.php?rest_route=%2Fwp%2Fv2%2Fcomments&post=2607"}],"version-history":[{"count":0,"href":"https:\/\/verdadincomodadiario.ar\/index.php?rest_route=\/wp\/v2\/posts\/2607\/revisions"}],"wp:featuredmedia":[{"embeddable":true,"href":"https:\/\/verdadincomodadiario.ar\/index.php?rest_route=\/wp\/v2\/media\/2608"}],"wp:attachment":[{"href":"https:\/\/verdadincomodadiario.ar\/index.php?rest_route=%2Fwp%2Fv2%2Fmedia&parent=2607"}],"wp:term":[{"taxonomy":"category","embeddable":true,"href":"https:\/\/verdadincomodadiario.ar\/index.php?rest_route=%2Fwp%2Fv2%2Fcategories&post=2607"},{"taxonomy":"post_tag","embeddable":true,"href":"https:\/\/verdadincomodadiario.ar\/index.php?rest_route=%2Fwp%2Fv2%2Ftags&post=2607"}],"curies":[{"name":"wp","href":"https:\/\/api.w.org\/{rel}","templated":true}]}}