{"id":2603,"date":"2025-04-23T18:47:14","date_gmt":"2025-04-23T18:47:14","guid":{"rendered":"https:\/\/www.verdadincomodadiario.ar\/?p=2603"},"modified":"2025-04-23T18:47:14","modified_gmt":"2025-04-23T18:47:14","slug":"milei-recibe-respaldo-clave-de-ee-uu-y-consolida-el-giro-economico-argentino","status":"publish","type":"post","link":"https:\/\/verdadincomodadiario.ar\/?p=2603","title":{"rendered":"Milei recibe respaldo clave de EE.UU. y consolida el giro econ\u00f3mico argentino"},"content":{"rendered":"<p>La gesti\u00f3n del presidente Javier Milei ha captado la atenci\u00f3n de los principales actores del escenario internacional, y Estados Unidos no es la excepci\u00f3n. En un giro que marca una clara se\u00f1al de confianza, <strong>Scott Bessent, secretario del Tesoro del gobierno de Donald Trump, manifest\u00f3 recientemente la disposici\u00f3n de Washington a ofrecer a Argentina <a href=\"https:\/\/derechadiario.com.ar\/politica\/scott-bessent-aseguro-que-podria-darle-credito-al-pais-frente-shock-externo\" title=\"Scott Bessent asegur\u00f3 que podr\u00eda darle un cr\u00e9dito al pa\u00eds frente a un shock externo\">una l\u00ednea de cr\u00e9dito a trav\u00e9s del Fondo de Estabilizaci\u00f3n Cambiaria (Exchange Stabilization Fund, ESF).<\/a><\/strong><\/p>\n<p>Esta posibilidad, revelada durante un evento privado organizado por JPMorgan en Washington, <strong>representa un respaldo contundente a las reformas estructurales que el nuevo gobierno libertario impulsa desde diciembre de 2023<\/strong>.<\/p>\n<div class=\"inter_image image_horizontal\">\n<picture><source class=\"img-responsive\" type=\"image\/webp\" data-srcset=\"\/filesedc\/uploads\/image\/post\/7c31391a-8ee7-47a1-9cbf-39c1e8625794_300_200.webp 300w, \n\/filesedc\/uploads\/image\/post\/7c31391a-8ee7-47a1-9cbf-39c1e8625794_630_420.webp 630w,\n                                \/filesedc\/uploads\/image\/post\/7c31391a-8ee7-47a1-9cbf-39c1e8625794_760_507.webp 760w,\n                                \/filesedc\/uploads\/image\/post\/7c31391a-8ee7-47a1-9cbf-39c1e8625794_1200_800.webp 1200w,\n                                \/filesedc\/uploads\/image\/post\/7c31391a-8ee7-47a1-9cbf-39c1e8625794_1600_1067.webp 1600w\"><img decoding=\"async\" src=\"https:\/\/derechadiario.com.ar\/filesedc\/uploads\/image\/post\/7c31391a-8ee7-47a1-9cbf-39c1e8625794_1200_800.webp\" class=\"img-responsive lazyload\" alt=\"Un grupo de personas en trajes formales se sientan alrededor de una mesa de conferencias en una sala elegante, con una bandera argentina al fondo y una motosierra decorativa en primer plano.\" title=\"Un grupo de personas en trajes formales se sientan alrededor de una mesa de conferencias en una sala elegante, con una bandera argentina al fondo y una motosierra decorativa en primer plano.\"><\/picture>\n<div>\n<span class=\"img_footer\">Reunion entre Milei y Scott Bessent <\/span>| <span class=\"img_author\">La Derecha Diario<\/span>\n<\/div>\n<\/div>\n<p>Este gesto no es menor. El ESF, hist\u00f3ricamente reservado para situaciones de emergencia y asistencia estrat\u00e9gica, ha sido utilizado con extrema cautela por los Estados Unidos. <strong>Que se considere su aplicaci\u00f3n a favor de Argentina indica no solo un reconocimiento de la seriedad con la que se est\u00e1 llevando a cabo el ajuste fiscal, sino tambi\u00e9n una alineaci\u00f3n geopol\u00edtica en un mundo cada vez m\u00e1s dividido entre modelos estatistas y pro-mercado.<\/strong><\/p>\n<h2>Del colapso al orden macroecon\u00f3mico<\/h2>\n<p>Argentina ven\u00eda de una d\u00e9cada marcada por la expansi\u00f3n desenfrenada del gasto p\u00fablico, d\u00e9ficits fiscales estructurales, emisi\u00f3n monetaria inorg\u00e1nica y una inflaci\u00f3n descontrolada que, en 2023, super\u00f3 el 200% anual. A esto se sumaban niveles r\u00e9cord de pobreza, un desempleo creciente y una moneda que perd\u00eda valor d\u00eda tras d\u00eda.<\/p>\n<aside class=\"are-you-interested-container-photo\"><\/aside>\n<p>En ese contexto, <strong>el ascenso de Milei al poder represent\u00f3 una ruptura total con el paradigma econ\u00f3mico tradicional de la pol\u00edtica argentina<\/strong>. En pocos meses, su administraci\u00f3n logr\u00f3 implementar un severo ajuste del gasto p\u00fablico, con una reducci\u00f3n hist\u00f3rica del d\u00e9ficit primario. En marzo de 2025, el super\u00e1vit financiero alcanz\u00f3 el 0,2% del PIB acumulado, algo que no se ve\u00eda desde 2008.<\/p>\n<figure><img decoding=\"async\" src=\"https:\/\/derechadiario.com.ar\/filesedc\/uploads\/image\/post\/6df6bb36-35f5-4575-a698-50a533edc1ae_1200_800.webp\" class=\"img-responsive lazyload\" alt=\"Un grupo de personas vestidas formalmente conversando y sonriendo en una habitaci\u00f3n elegante.\" title=\"Un grupo de personas vestidas formalmente conversando y sonriendo en una habitaci\u00f3n elegante.\"><\/figure>\n<p>Adem\u00e1s, el gobierno elimin\u00f3 el financiamiento monetario del d\u00e9ficit, clausurando la principal fuente de emisi\u00f3n inflacionaria. Esto permiti\u00f3, en tiempo r\u00e9cord, una desaceleraci\u00f3n de la inflaci\u00f3n mensual, que pas\u00f3 de niveles superiores al 25% en diciembre de 2023<a href=\"https:\/\/derechadiario.com.ar\/autores\/diego-macana-roa#google_vignette\" title=\"Diego Macana Roa | La Derecha Diario\">\u00a0a cifras de un d\u00edgito en marzo 2025, con una expectativa firme de continuar bajando.<\/a><\/p>\n<h2>Resultados tangibles<\/h2>\n<p>Los efectos de estas pol\u00edticas ya comienzan a reflejarse en los indicadores clave. <a href=\"https:\/\/derechadiario.com.ar\/economia\/comienza-nueva-monetaria-argentina\" title=\"Comienza una nueva era monetaria en Argentina\">El gobierno ha cumplido y superado\u00a0las metas de ajuste comprometidas con el Fondo Monetario Internacional, fortaleciendo la credibilidad externa e interna. <\/a>La recaudaci\u00f3n comienza a recomponerse gracias a un entorno de mayor formalizaci\u00f3n, mientras se reducen los subsidios econ\u00f3micos.<\/p>\n<aside class=\"whatsappChannelText\"><a href=\"https:\/\/whatsapp.com\/channel\/0029VagEjILGE56eKjedWF2U\" rel=\"nofollow\" title=\"WhatsApp Link\"><img alt=\"Logo de WhatsApp\" class=\"lazyload\" data-src=\"https:\/\/derechadiario.com.ar\/filesedc\/uploads\/other\/whatsapp_icon_mid_article.png\" width=\"32\" height=\"32\"><\/a> <a href=\"https:\/\/whatsapp.com\/channel\/0029VagEjILGE56eKjedWF2U\" rel=\"nofollow\" title=\"WhatsApp Link\"><strong>NO SE PIERDAN NINGUNA NOTICIA<\/strong>: Click aqu\u00ed para sumarte <strong>GRATIS<\/strong> al canal de noticias de <strong>La Derecha Diario en WhatsApp.<\/strong><\/a><\/aside>\n<figure><img decoding=\"async\" src=\"https:\/\/derechadiario.com.ar\/filesedc\/uploads\/image\/post\/24a4dd5e-2a50-4346-af70-9e1e748766b8_1200_800.webp\" class=\"img-responsive lazyload\" alt=\"Gr\u00e1fico de barras que muestra el balance primario y el balance general desde 2017 hasta 2025, con datos negativos hasta 2023 y proyecciones positivas para 2024 y 2025, seg\u00fan el Ministerio de Hacienda y J.P. Morgan.\" title=\"Gr\u00e1fico de barras que muestra el balance primario y el balance general desde 2017 hasta 2025, con datos negativos hasta 2023 y proyecciones positivas para 2024 y 2025, seg\u00fan el Ministerio de Hacienda y J.P. Morgan.\"><\/figure>\n<p><strong>El empleo\u00a0las se\u00f1ales de confianza en el sector privado comienzan a traducirse en nuevas contrataciones, especialmente en sectores exportadores y tecnol\u00f3gicos<\/strong>. El desempleo, que rozaba los dos d\u00edgitos en el segundo semestre de 2023, comienza a mostrar signos de reversi\u00f3n, con el sector privado liderando el repunte, se situ\u00f3 en el 6,4% en los 31 aglomerados urbanos.<\/p>\n<h2>Un respaldo con peso geopol\u00edtico<\/h2>\n<p><strong>El eventual respaldo financiero de Estados Unidos, enmarcado en la administraci\u00f3n Trump, no solo tiene implicancias econ\u00f3micas, sino tambi\u00e9n pol\u00edticas.<\/strong> Milei se ha alineado expl\u00edcitamente con los valores de libre mercado, gobierno limitado y respeto a la propiedad privada.\u00a0Esta coincidencia ideol\u00f3gica y estrat\u00e9gica no pasa desapercibida.<\/p>\n<p><strong>La se\u00f1al enviada por Bessent puede interpretarse como una invitaci\u00f3n a los mercados a redoblar su confianza en el proceso de transformaci\u00f3n argentino.<\/strong><\/p>\n","protected":false},"excerpt":{"rendered":"<p>La gesti\u00f3n del presidente Javier Milei ha captado la atenci\u00f3n de los principales actores del escenario internacional, y Estados Unidos no es la excepci\u00f3n. En un giro que marca una clara se\u00f1al de confianza, Scott Bessent, secretario del Tesoro del gobierno de Donald Trump, manifest\u00f3 recientemente la disposici\u00f3n de Washington a ofrecer a Argentina una [&hellip;]<\/p>\n","protected":false},"author":2,"featured_media":2604,"comment_status":"open","ping_status":"open","sticky":false,"template":"","format":"standard","meta":{"_et_pb_use_builder":"","_et_pb_old_content":"","_et_gb_content_width":"","footnotes":""},"categories":[80],"tags":[],"class_list":["post-2603","post","type-post","status-publish","format-standard","has-post-thumbnail","hentry","category-economia-2"],"_links":{"self":[{"href":"https:\/\/verdadincomodadiario.ar\/index.php?rest_route=\/wp\/v2\/posts\/2603","targetHints":{"allow":["GET"]}}],"collection":[{"href":"https:\/\/verdadincomodadiario.ar\/index.php?rest_route=\/wp\/v2\/posts"}],"about":[{"href":"https:\/\/verdadincomodadiario.ar\/index.php?rest_route=\/wp\/v2\/types\/post"}],"author":[{"embeddable":true,"href":"https:\/\/verdadincomodadiario.ar\/index.php?rest_route=\/wp\/v2\/users\/2"}],"replies":[{"embeddable":true,"href":"https:\/\/verdadincomodadiario.ar\/index.php?rest_route=%2Fwp%2Fv2%2Fcomments&post=2603"}],"version-history":[{"count":0,"href":"https:\/\/verdadincomodadiario.ar\/index.php?rest_route=\/wp\/v2\/posts\/2603\/revisions"}],"wp:featuredmedia":[{"embeddable":true,"href":"https:\/\/verdadincomodadiario.ar\/index.php?rest_route=\/wp\/v2\/media\/2604"}],"wp:attachment":[{"href":"https:\/\/verdadincomodadiario.ar\/index.php?rest_route=%2Fwp%2Fv2%2Fmedia&parent=2603"}],"wp:term":[{"taxonomy":"category","embeddable":true,"href":"https:\/\/verdadincomodadiario.ar\/index.php?rest_route=%2Fwp%2Fv2%2Fcategories&post=2603"},{"taxonomy":"post_tag","embeddable":true,"href":"https:\/\/verdadincomodadiario.ar\/index.php?rest_route=%2Fwp%2Fv2%2Ftags&post=2603"}],"curies":[{"name":"wp","href":"https:\/\/api.w.org\/{rel}","templated":true}]}}