{"id":2601,"date":"2025-04-23T18:47:15","date_gmt":"2025-04-23T18:47:15","guid":{"rendered":"https:\/\/www.verdadincomodadiario.ar\/?p=2601"},"modified":"2025-04-23T18:47:15","modified_gmt":"2025-04-23T18:47:15","slug":"el-fmi-descarto-que-el-crecimiento-argentino-se-detenga-ante-los-aranceles-de-eeuu","status":"publish","type":"post","link":"https:\/\/verdadincomodadiario.ar\/?p=2601","title":{"rendered":"El FMI descart\u00f3 que el crecimiento argentino se detenga ante los aranceles de EEUU"},"content":{"rendered":"<p>En un contexto <a href=\"https:\/\/derechadiario.com.ar\/politica\/scott-bessent-aseguro-que-podria-darle-credito-al-pais-frente-shock-externo\" title=\"Scott Bessent asegur\u00f3 que podr\u00eda darle un cr\u00e9dito al pa\u00eds frente a un shock externo\">internacional <\/a>marcado por la incertidumbre, el proteccionismo y la desaceleraci\u00f3n, <a href=\"https:\/\/derechadiario.com.ar\/politica\/gobierno-nacional-pone-marcha-operacion-julio-argentino-roca\" title=\"El Gobierno nacional pone en marcha la 'Operaci\u00f3n Julio Argentino Roca'\">Argentina <\/a>emerge como una notable excepci\u00f3n en las proyecciones del \u00a0<strong>Fondo Monetario Internacional<\/strong> (FMI). El \u00faltimo informe de <strong>Perspectivas Econ\u00f3micas Globales<\/strong> (WEO, por sus siglas en ingl\u00e9s) advirti\u00f3 que la <strong>econom\u00eda global<\/strong>\u00a0 crecer\u00e1 apenas 2,8% en 2025 \u2014una reducci\u00f3n respecto del 3,3% previsto en enero\u2014, golpeada principalmente por el aumento de <strong>aranceles impulsado por Estados Unidos<\/strong> y las represalias comerciales de otras potencias. Sin embargo, en el mismo documento, el organismo multilateral mantiene su \u00a0<strong>optimismo sobre el rumbo econ\u00f3mico argentino<\/strong>: proyecta un \u00a0<strong>crecimiento del PBI del 5,5% y una inflaci\u00f3n en un rango moderado de entre 18% y 23%.<\/strong><\/p>\n<p>El informe destaca que este pron\u00f3stico favorable responde a <strong>\u201clas sorpresas positivas\u201d<\/strong> observadas en el pa\u00eds, incluso en un marco de fuerte ajuste fiscal. \u00a0<strong>\u201cTodav\u00eda mantenemos la mejora del 5,5% para Argentina. Y esto est\u00e1 relacionado con las sorpresas positivas que hemos visto a pesar de un ajuste fiscal muy fuerte. Creo que la recuperaci\u00f3n de la confianza ha influido en gran medida en este pron\u00f3stico\u201d<\/strong>, sostuvo <strong>Petya Koeva-Brooks<\/strong>, directora del departamento de investigaci\u00f3n del FMI, en una declaraci\u00f3n que apunta directamente a la solidez del plan econ\u00f3mico encabezado por el presidente <strong>Javier Milei.<\/strong><\/p>\n<div class=\"inter_image image_horizontal\">\n<picture><source class=\"img-responsive\" type=\"image\/webp\" data-srcset=\"\/filesedc\/uploads\/image\/post\/captura-de-pantalla-2025-04-22-152832_300_200.webp 300w, \n\/filesedc\/uploads\/image\/post\/captura-de-pantalla-2025-04-22-152832_630_420.webp 630w,\n                                \/filesedc\/uploads\/image\/post\/captura-de-pantalla-2025-04-22-152832_760_507.webp 760w,\n                                \/filesedc\/uploads\/image\/post\/captura-de-pantalla-2025-04-22-152832_1200_800.webp 1200w,\n                                \/filesedc\/uploads\/image\/post\/captura-de-pantalla-2025-04-22-152832_1600_1067.webp 1600w\"><img decoding=\"async\" src=\"https:\/\/derechadiario.com.ar\/filesedc\/uploads\/image\/post\/captura-de-pantalla-2025-04-22-152832_1200_800.webp\" class=\"img-responsive lazyload\" alt=\"Una persona hablando en un podio durante una reuni\u00f3n de primavera en Washington en 2025.\" title=\"Una persona hablando en un podio durante una reuni\u00f3n de primavera en Washington en 2025.\"><\/picture>\n<div>\n<span class=\"img_footer\">Se determin\u00f3 un shock negativo para el crecimiento econ\u00f3mico mundial. <\/span>| <span class=\"img_author\">La Derecha Diario<\/span>\n<\/div>\n<\/div>\n<p>El panorama global es menos alentador. Seg\u00fan el WEO, las recientes pol\u00edticas arancelarias adoptadas por <strong>Washington<\/strong>\u00a0 \u2014con una bater\u00eda de medidas implementadas el pasado 2 de abril\u2014 llevaron los niveles efectivos de tarifas a sus picos m\u00e1s altos en m\u00e1s de un siglo. Esto, advierte el FMI, constituye un <strong>&#8220;shock negativo relevante para el crecimiento mundial<\/strong>&#8220;, con impactos particularmente severos en los pa\u00edses emergentes y en desarrollo, como los de \u00a0<strong>Am\u00e9rica Latina.<\/strong><\/p>\n<p>La nueva previsi\u00f3n del organismo estima que la \u00a0<strong>econom\u00eda mundial crecer\u00e1 2,8% en 2025 y 3% en 2026.<\/strong> Estas cifras representan una correcci\u00f3n acumulada de 0,8 puntos porcentuales respecto a las estimaciones de enero, y se sit\u00faan muy por debajo del promedio hist\u00f3rico del 3,7% registrado entre 2000 y 2019. Entre los pa\u00edses avanzados, <strong>Estados Unidos<\/strong> ver\u00e1 su crecimiento caer a 1,8% en 2025 \u20140,9 puntos menos que lo estimado previamente\u2014 mientras que la eurozona apenas alcanzar\u00e1 un 0,8%. Para las econom\u00edas emergentes, la previsi\u00f3n se recort\u00f3 a 3,7%, con una atenci\u00f3n especial al impacto en <strong>China<\/strong>, que aparece como una de las m\u00e1s afectadas.<\/p>\n<aside class=\"are-you-interested-container-photo\"><\/aside>\n<p>A pesar de pertenecer a este grupo de pa\u00edses en desarrollo, <strong>Argentina<\/strong>\u00a0 se mantiene al margen de este deterioro, en buena medida gracias a la consolidaci\u00f3n fiscal, la <strong>estabilidad<\/strong>\u00a0 cambiaria y el renovado clima de <strong>confianza<\/strong>\u00a0 que despierta el actual programa econ\u00f3mico. La apuesta por un <strong>equilibrio macroecon\u00f3mico sostenible<\/strong>\u00a0 y la correcci\u00f3n de desequilibrios estructurales comienzan a <strong>rendir<\/strong>\u00a0 frutos, seg\u00fan reconoce el <strong>FMI<\/strong>.<\/p>\n<aside class=\"whatsappChannelText\"><a href=\"https:\/\/whatsapp.com\/channel\/0029VagEjILGE56eKjedWF2U\" rel=\"nofollow\" title=\"WhatsApp Link\"><img alt=\"Logo de WhatsApp\" class=\"lazyload\" data-src=\"https:\/\/derechadiario.com.ar\/filesedc\/uploads\/other\/whatsapp_icon_mid_article.png\" width=\"32\" height=\"32\"><\/a> <a href=\"https:\/\/whatsapp.com\/channel\/0029VagEjILGE56eKjedWF2U\" rel=\"nofollow\" title=\"WhatsApp Link\"><strong>NO SE PIERDAN NINGUNA NOTICIA<\/strong>: Click aqu\u00ed para sumarte <strong>GRATIS<\/strong> al canal de noticias de <strong>La Derecha Diario en WhatsApp.<\/strong><\/a><\/aside>\n<figure><img decoding=\"async\" src=\"https:\/\/derechadiario.com.ar\/filesedc\/uploads\/image\/post\/captura-de-pantalla-2025-04-22-152855_1200_800.webp\" class=\"img-responsive lazyload\" alt=\"Una conferencia en un auditorio lleno de personas con una presentaci\u00f3n en una pantalla grande y un podio al frente.\" title=\"Una conferencia en un auditorio lleno de personas con una presentaci\u00f3n en una pantalla grande y un podio al frente.\"><\/figure>\n<p>No obstante, el organismo advierte que los <strong>riesgos<\/strong>\u00a0 globales siguen siendo <strong>significativos<\/strong>. A la volatilidad comercial se suman posibles <strong>tensiones geopol\u00edticas<\/strong>, cambios abruptos en los flujos de capital y movimientos en los mercados cambiarios que podr\u00edan afectar especialmente a las econom\u00edas con altos niveles de deuda externa o limitada capacidad de respuesta fiscal. Si bien el <strong>WEO<\/strong>\u00a0 no dedica un apartado espec\u00edfico a la <strong>Argentina<\/strong>, el staff report publicado recientemente ya hab\u00eda incluido proyecciones <strong>positivas<\/strong>\u00a0 en todos los frentes clave.<\/p>\n<p>El FMI recomienda a los pa\u00edses avanzar en la restauraci\u00f3n del espacio fiscal, aplicar reformas estructurales y mantener pol\u00edticas monetarias prudentes. Adem\u00e1s, sugiere que en \u00a0<strong>los mercados emergentes podr\u00eda ser necesario intervenir selectivamente en los mercados cambiarios y activar herramientas macroprudenciales para evitar episodios de estr\u00e9s financiero.<\/strong><\/p>\n<p>Finalmente, el organismo subraya que una reversi\u00f3n de los aranceles y la firma de nuevos acuerdos comerciales podr\u00eda reactivar el crecimiento global. \u00a0<strong>\u201cUna desescalada desde los niveles actuales y nuevos acuerdos que proporcionen claridad y estabilidad en las pol\u00edticas comerciales podr\u00edan elevar el crecimiento global\u201d<\/strong>, concluye el informe.<\/p>\n","protected":false},"excerpt":{"rendered":"<p>En un contexto internacional marcado por la incertidumbre, el proteccionismo y la desaceleraci\u00f3n, Argentina emerge como una notable excepci\u00f3n en las proyecciones del \u00a0Fondo Monetario Internacional (FMI). El \u00faltimo informe de Perspectivas Econ\u00f3micas Globales (WEO, por sus siglas en ingl\u00e9s) advirti\u00f3 que la econom\u00eda global\u00a0 crecer\u00e1 apenas 2,8% en 2025 \u2014una reducci\u00f3n respecto del 3,3% [&hellip;]<\/p>\n","protected":false},"author":2,"featured_media":2602,"comment_status":"open","ping_status":"open","sticky":false,"template":"","format":"standard","meta":{"_et_pb_use_builder":"","_et_pb_old_content":"","_et_gb_content_width":"","footnotes":""},"categories":[80],"tags":[],"class_list":["post-2601","post","type-post","status-publish","format-standard","has-post-thumbnail","hentry","category-economia-2"],"_links":{"self":[{"href":"https:\/\/verdadincomodadiario.ar\/index.php?rest_route=\/wp\/v2\/posts\/2601","targetHints":{"allow":["GET"]}}],"collection":[{"href":"https:\/\/verdadincomodadiario.ar\/index.php?rest_route=\/wp\/v2\/posts"}],"about":[{"href":"https:\/\/verdadincomodadiario.ar\/index.php?rest_route=\/wp\/v2\/types\/post"}],"author":[{"embeddable":true,"href":"https:\/\/verdadincomodadiario.ar\/index.php?rest_route=\/wp\/v2\/users\/2"}],"replies":[{"embeddable":true,"href":"https:\/\/verdadincomodadiario.ar\/index.php?rest_route=%2Fwp%2Fv2%2Fcomments&post=2601"}],"version-history":[{"count":0,"href":"https:\/\/verdadincomodadiario.ar\/index.php?rest_route=\/wp\/v2\/posts\/2601\/revisions"}],"wp:featuredmedia":[{"embeddable":true,"href":"https:\/\/verdadincomodadiario.ar\/index.php?rest_route=\/wp\/v2\/media\/2602"}],"wp:attachment":[{"href":"https:\/\/verdadincomodadiario.ar\/index.php?rest_route=%2Fwp%2Fv2%2Fmedia&parent=2601"}],"wp:term":[{"taxonomy":"category","embeddable":true,"href":"https:\/\/verdadincomodadiario.ar\/index.php?rest_route=%2Fwp%2Fv2%2Fcategories&post=2601"},{"taxonomy":"post_tag","embeddable":true,"href":"https:\/\/verdadincomodadiario.ar\/index.php?rest_route=%2Fwp%2Fv2%2Ftags&post=2601"}],"curies":[{"name":"wp","href":"https:\/\/api.w.org\/{rel}","templated":true}]}}