{"id":2599,"date":"2025-04-23T18:47:16","date_gmt":"2025-04-23T18:47:16","guid":{"rendered":"https:\/\/www.verdadincomodadiario.ar\/?p=2599"},"modified":"2025-04-23T18:47:16","modified_gmt":"2025-04-23T18:47:16","slug":"la-economia-argentina-registro-un-crecimiento-del-57-en-febrero-segun-el-indec","status":"publish","type":"post","link":"https:\/\/verdadincomodadiario.ar\/?p=2599","title":{"rendered":"La econom\u00eda argentina registr\u00f3 un crecimiento del 5,7% en febrero, seg\u00fan el INDEC"},"content":{"rendered":"<p>Gracias al Gobierno de <a href=\"https:\/\/derechadiario.com.ar\/economia\/fmi-descarto-que-crecimiento-argentino-se-detenga-ante-los-aranceles-eeuu\" target=\"_blank\" title=\"El FMI descart\u00f3 que el crecimiento argentino se detenga ante los aranceles de EEUU\"><strong>Javier Milei<\/strong><\/a>, la <strong>econom\u00eda argentina<\/strong> mostr\u00f3 fuertes se\u00f1ales al alza\u00a0durante el mes de febrero, al <a href=\"https:\/\/derechadiario.com.ar\/economia\/sigue-incrementando-capacidad-instalada-industria-automotriz-y-alimenticia\" target=\"_blank\" title=\"Sigue incrementando la capacidad instalada de la industria automotriz y alimenticia\">registrar<\/a> un <strong>crecimiento del 5,7% en t\u00e9rminos interanuales<\/strong>, de acuerdo con el Estimador Mensual de Actividad Econ\u00f3mica (EMAE) publicado por el Instituto Nacional de Estad\u00edstica y Censos (INDEC).<\/p>\n<p>Adem\u00e1s, el ministro de Econom\u00eda, <strong>Luis &#8220;Toto&#8221; Caputo<\/strong>, anunci\u00f3 que este dato representa una de las <strong>mayores subas interanuales de los \u00faltimos tiempos<\/strong> y marca <strong>el nivel m\u00e1s alto en la serie desestacionalizada desde junio de 2022<\/strong>.<\/p>\n<p>En comparaci\u00f3n con el mes de enero, el EMAE tambi\u00e9n present\u00f3 una <strong>mejora mensual del 0,8% desestacionalizada<\/strong>, consolidando una <strong>tendencia positiva<\/strong> que ya lleva <strong>once meses consecutivos en alza<\/strong>. Este comportamiento indica una clara\u00a0<strong>recuperaci\u00f3n sostenida<\/strong>\u00a0debido al exitoso plan econ\u00f3mico del Gobierno de Milei.<\/p>\n<div class=\"inter_image image_horizontal\">\n<picture><source class=\"img-responsive\" type=\"image\/webp\" data-srcset=\"\/filesedc\/uploads\/image\/post\/gpkwhmhw8aa5j7x_300_200.webp 300w, \n\/filesedc\/uploads\/image\/post\/gpkwhmhw8aa5j7x_630_420.webp 630w,\n                                \/filesedc\/uploads\/image\/post\/gpkwhmhw8aa5j7x_760_507.webp 760w,\n                                \/filesedc\/uploads\/image\/post\/gpkwhmhw8aa5j7x_1200_800.webp 1200w,\n                                \/filesedc\/uploads\/image\/post\/gpkwhmhw8aa5j7x_1600_1067.webp 1600w\"><img decoding=\"async\" src=\"https:\/\/derechadiario.com.ar\/filesedc\/uploads\/image\/post\/gpkwhmhw8aa5j7x_1200_800.webp\" class=\"img-responsive lazyload\" alt=\"Gr\u00e1fico del EMAE que muestra tres variaciones porcentuales: interanual con 5,7% respecto al mismo mes del a\u00f1o anterior, desestacionalizada con 0,8% respecto al mes anterior, y tendencia-ciclo con 0,7% respecto al mes anterior.\" title=\"Gr\u00e1fico del EMAE que muestra tres variaciones porcentuales: interanual con 5,7% respecto al mismo mes del a\u00f1o anterior, desestacionalizada con 0,8% respecto al mes anterior, y tendencia-ciclo con 0,7% respecto al mes anterior.\"><\/picture>\n<div>\n<span class=\"img_footer\">Datos del INDEC. <\/span>| <span class=\"img_author\">La Derecha Diario<\/span>\n<\/div>\n<\/div>\n<p>Entre los sectores que impulsaron esta expansi\u00f3n, se destacaron especialmente la <strong>intermediaci\u00f3n financiera<\/strong>, que <strong>creci\u00f3 un 30,2%<\/strong> respecto de febrero de 2024, y la <strong>actividad pesquera<\/strong>, que mostr\u00f3 un <strong>notable incremento del 28,3%<\/strong>.<\/p>\n<aside class=\"are-you-interested-container-photo\"><\/aside>\n<p>En total, <strong>once de los sectores relevados por el INDEC mostraron mejoras<\/strong> en relaci\u00f3n al mismo per\u00edodo del a\u00f1o anterior, reflejando una <strong>recuperaci\u00f3n econ\u00f3mica<\/strong> que se extiende de manera <strong>m\u00e1s generalizada<\/strong> a distintas ramas de la actividad.<\/p>\n<p>El crecimiento registrado se da en un contexto en el que el Gobierno de Milei busca consolidar la estabilizaci\u00f3n de la macroeconom\u00eda y <strong>alentar la inversi\u00f3n privada<\/strong>, con una serie de reformas y medidas orientadas a recuperar la confianza en el mercado interno y externo.<\/p>\n<figure><img decoding=\"async\" src=\"https:\/\/derechadiario.com.ar\/filesedc\/uploads\/image\/post\/gpkthj2wkaazaig_1200_800.webp\" class=\"img-responsive lazyload\" alt=\"Gr\u00e1fico de barras que muestra la variaci\u00f3n porcentual y la incidencia en puntos porcentuales de diferentes sectores econ\u00f3micos, destacando la intermediaci\u00f3n financiera y la pesca con las mayores variaciones positivas, mientras que los servicios sociales y de salud, la administraci\u00f3n p\u00fablica y la ense\u00f1anza presentan variaciones negativas.\" title=\"Gr\u00e1fico de barras que muestra la variaci\u00f3n porcentual y la incidencia en puntos porcentuales de diferentes sectores econ\u00f3micos, destacando la intermediaci\u00f3n financiera y la pesca con las mayores variaciones positivas, mientras que los servicios sociales y de salud, la administraci\u00f3n p\u00fablica y la ense\u00f1anza presentan variaciones negativas.\"><\/figure>\n<p>El buen desempe\u00f1o del EMAE en febrero podr\u00eda convertirse en un indicio favorable para las proyecciones del Producto Bruto Interno (PBI) del primer trimestre del a\u00f1o, consolidando expectativas de crecimiento luego de un 2024 atravesado por importantes desaf\u00edos econ\u00f3micos <strong>heredados del anterior gobierno kirchnerista<\/strong>.<\/p>\n<aside class=\"whatsappChannelText\"><a href=\"https:\/\/whatsapp.com\/channel\/0029VagEjILGE56eKjedWF2U\" rel=\"nofollow\" title=\"WhatsApp Link\"><img alt=\"Logo de WhatsApp\" class=\"lazyload\" data-src=\"https:\/\/derechadiario.com.ar\/filesedc\/uploads\/other\/whatsapp_icon_mid_article.png\" width=\"32\" height=\"32\"><\/a> <a href=\"https:\/\/whatsapp.com\/channel\/0029VagEjILGE56eKjedWF2U\" rel=\"nofollow\" title=\"WhatsApp Link\"><strong>NO SE PIERDAN NINGUNA NOTICIA<\/strong>: Click aqu\u00ed para sumarte <strong>GRATIS<\/strong> al canal de noticias de <strong>La Derecha Diario en WhatsApp.<\/strong><\/a><\/aside>\n<p>De mantenerse esta tendencia, la econom\u00eda argentina se encamina hacia una etapa de fuerte crecimiento durante 2025, con sectores clave mostrando se\u00f1ales de dinamismo y recuperaci\u00f3n.<\/p>\n","protected":false},"excerpt":{"rendered":"<p>Gracias al Gobierno de Javier Milei, la econom\u00eda argentina mostr\u00f3 fuertes se\u00f1ales al alza\u00a0durante el mes de febrero, al registrar un crecimiento del 5,7% en t\u00e9rminos interanuales, de acuerdo con el Estimador Mensual de Actividad Econ\u00f3mica (EMAE) publicado por el Instituto Nacional de Estad\u00edstica y Censos (INDEC). Adem\u00e1s, el ministro de Econom\u00eda, Luis &#8220;Toto&#8221; Caputo, [&hellip;]<\/p>\n","protected":false},"author":2,"featured_media":2600,"comment_status":"open","ping_status":"open","sticky":false,"template":"","format":"standard","meta":{"_et_pb_use_builder":"","_et_pb_old_content":"","_et_gb_content_width":"","footnotes":""},"categories":[80],"tags":[],"class_list":["post-2599","post","type-post","status-publish","format-standard","has-post-thumbnail","hentry","category-economia-2"],"_links":{"self":[{"href":"https:\/\/verdadincomodadiario.ar\/index.php?rest_route=\/wp\/v2\/posts\/2599","targetHints":{"allow":["GET"]}}],"collection":[{"href":"https:\/\/verdadincomodadiario.ar\/index.php?rest_route=\/wp\/v2\/posts"}],"about":[{"href":"https:\/\/verdadincomodadiario.ar\/index.php?rest_route=\/wp\/v2\/types\/post"}],"author":[{"embeddable":true,"href":"https:\/\/verdadincomodadiario.ar\/index.php?rest_route=\/wp\/v2\/users\/2"}],"replies":[{"embeddable":true,"href":"https:\/\/verdadincomodadiario.ar\/index.php?rest_route=%2Fwp%2Fv2%2Fcomments&post=2599"}],"version-history":[{"count":0,"href":"https:\/\/verdadincomodadiario.ar\/index.php?rest_route=\/wp\/v2\/posts\/2599\/revisions"}],"wp:featuredmedia":[{"embeddable":true,"href":"https:\/\/verdadincomodadiario.ar\/index.php?rest_route=\/wp\/v2\/media\/2600"}],"wp:attachment":[{"href":"https:\/\/verdadincomodadiario.ar\/index.php?rest_route=%2Fwp%2Fv2%2Fmedia&parent=2599"}],"wp:term":[{"taxonomy":"category","embeddable":true,"href":"https:\/\/verdadincomodadiario.ar\/index.php?rest_route=%2Fwp%2Fv2%2Fcategories&post=2599"},{"taxonomy":"post_tag","embeddable":true,"href":"https:\/\/verdadincomodadiario.ar\/index.php?rest_route=%2Fwp%2Fv2%2Ftags&post=2599"}],"curies":[{"name":"wp","href":"https:\/\/api.w.org\/{rel}","templated":true}]}}