{"id":2595,"date":"2025-04-23T18:47:18","date_gmt":"2025-04-23T18:47:18","guid":{"rendered":"https:\/\/www.verdadincomodadiario.ar\/?p=2595"},"modified":"2025-04-23T18:47:18","modified_gmt":"2025-04-23T18:47:18","slug":"anses-cuando-cobro-quienes-reciben-pagos-este-miercoles-23-de-abril","status":"publish","type":"post","link":"https:\/\/verdadincomodadiario.ar\/?p=2595","title":{"rendered":"ANSES cu\u00e1ndo cobro: qui\u00e9nes reciben pagos este mi\u00e9rcoles 23 de abril"},"content":{"rendered":"<p>La <a href=\"https:\/\/derechadiario.com.ar\/economia\/programa-hogar-anses-requisitos-y-montos-para-cobrar-mayo-2025\" title=\"Programa Hogar ANSES: requisitos y montos para cobrar en mayo 2025\"><strong>Administraci\u00f3n Nacional de la Seguridad Social (ANSES)<\/strong><\/a> public\u00f3 el cronograma de pagos para este <strong>mi\u00e9rcoles 23 de abril de 2025<\/strong>. Las fechas est\u00e1n organizadas seg\u00fan la terminaci\u00f3n del DNI de cada beneficiario.<\/p>\n<p>Hoy cobran <strong>jubilados, pensionados, titulares de la AUH, AUE<\/strong>, y tambi\u00e9n quienes reciben asignaciones familiares y la <strong>prestaci\u00f3n por desempleo<\/strong>. El detalle completo incluye cada grupo con su respectiva terminaci\u00f3n de documento.<\/p>\n<div class=\"inter_image image_horizontal\">\n<picture><source class=\"img-responsive\" type=\"image\/webp\" data-srcset=\"\/filesedc\/uploads\/image\/post\/anses-1-jpg_300_200.webp 300w, \n\/filesedc\/uploads\/image\/post\/anses-1-jpg_630_420.webp 630w,\n                                \/filesedc\/uploads\/image\/post\/anses-1-jpg_760_507.webp 760w,\n                                \/filesedc\/uploads\/image\/post\/anses-1-jpg_1200_800.webp 1200w,\n                                \/filesedc\/uploads\/image\/post\/anses-1-jpg_1600_1067.webp 1600w\"><img decoding=\"async\" src=\"https:\/\/derechadiario.com.ar\/filesedc\/uploads\/image\/post\/anses-1-jpg_1200_800.webp\" class=\"img-responsive lazyload\" alt=\"Fachada de una oficina de ANSES con un cartel azul y un coraz\u00f3n naranja.\" title=\"Fachada de una oficina de ANSES con un cartel azul y un coraz\u00f3n naranja.\"><\/picture>\n<div>\n<span class=\"img_footer\">Qui\u00e9nes cobran hoy seg\u00fan la terminaci\u00f3n del DNI <\/span>| <span class=\"img_author\">La Derecha Diario<\/span>\n<\/div>\n<\/div>\n<h2><strong>Jubilaciones y pensiones que no superan los $285.820,63<\/strong><\/h2>\n<p>Los beneficiarios con <strong>documento finalizado en 9<\/strong> reciben hoy su pago correspondiente.<\/p>\n<p>Esta l\u00ednea alcanza a quienes tienen haberes m\u00ednimos, sin adicionales por cargas familiares.<\/p>\n<aside class=\"are-you-interested-container-photo\"><\/aside>\n<figure><img decoding=\"async\" src=\"https:\/\/derechadiario.com.ar\/filesedc\/uploads\/image\/post\/jubilaciones-minimas-anses-abril_1200_800.webp\" class=\"img-responsive lazyload\" alt=\"Calendario de pagos de jubilaciones y pensiones que no superen el haber m\u00ednimo para el mes de abril, con fechas asignadas seg\u00fan la terminaci\u00f3n del n\u00famero de documento: 9\/4 para terminados en 0, 10\/4 en 1, 11\/4 en 2, 14\/4 en 3, 15\/4 en 4 y 5, 16\/4 en 6, 21\/4 en 7, 22\/4 en 8, y 23\/4 en 9.\" title=\"Calendario de pagos de jubilaciones y pensiones que no superen el haber m\u00ednimo para el mes de abril, con fechas asignadas seg\u00fan la terminaci\u00f3n del n\u00famero de documento: 9\/4 para terminados en 0, 10\/4 en 1, 11\/4 en 2, 14\/4 en 3, 15\/4 en 4 y 5, 16\/4 en 6, 21\/4 en 7, 22\/4 en 8, y 23\/4 en 9.\"><\/figure>\n<h2><strong>Asignaci\u00f3n Universal por Hijo (AUH) y Tarjeta Alimentar<\/strong><\/h2>\n<p>Los titulares de AUH con <strong>DNI terminado en 8<\/strong> cobran este mi\u00e9rcoles 23 de abril.<\/p>\n<p>El <a href=\"https:\/\/derechadiario.com.ar\/economia\/vouchers-educativos-2025-como-acceder-requisitos-y-montos\" title=\"Vouchers Educativos 2025: c\u00f3mo acceder, requisitos y montos\">dep\u00f3sito<\/a> incluye autom\u00e1ticamente el monto de la <strong>Tarjeta Alimentar<\/strong> en caso de corresponder.<\/p>\n<figure><img decoding=\"async\" src=\"https:\/\/derechadiario.com.ar\/filesedc\/uploads\/image\/post\/anses-auh-abril_1200_800.webp\" class=\"img-responsive lazyload\" alt=\"Calendario de pagos de la Asignaci\u00f3n Familiar por Hijo y Asignaci\u00f3n Universal por Hijo para abril, con fechas espec\u00edficas seg\u00fan la terminaci\u00f3n del n\u00famero de documento.\" title=\"Calendario de pagos de la Asignaci\u00f3n Familiar por Hijo y Asignaci\u00f3n Universal por Hijo para abril, con fechas espec\u00edficas seg\u00fan la terminaci\u00f3n del n\u00famero de documento.\"><\/figure>\n<h2><strong>Asignaci\u00f3n Universal por Embarazo (AUE)<\/strong><\/h2>\n<p>Las beneficiarias con <strong>documento finalizado en 7<\/strong> acceden hoy al pago de la AUE.<\/p>\n<p>Este beneficio est\u00e1 destinado a personas gestantes sin obra social ni ingresos registrados.<\/p>\n<aside class=\"are-you-interested-container-photo\"><\/aside>\n<figure><img decoding=\"async\" src=\"https:\/\/derechadiario.com.ar\/filesedc\/uploads\/image\/post\/asignacion-por-embarazo-anses-abril_1200_800.webp\" class=\"img-responsive lazyload\" alt=\"Calendario de pago de la Asignaci\u00f3n por Embarazo para abril, con fechas asignadas seg\u00fan la terminaci\u00f3n del n\u00famero de documento: 10\/4 para terminados en 0, 11\/4 en 1, 14\/4 en 2, 15\/4 en 3, 16\/4 en 4, 21\/4 en 5, 22\/4 en 6, 23\/4 en 7, 24\/4 en 8 y 25\/4 en 9.\" title=\"Calendario de pago de la Asignaci\u00f3n por Embarazo para abril, con fechas asignadas seg\u00fan la terminaci\u00f3n del n\u00famero de documento: 10\/4 para terminados en 0, 11\/4 en 1, 14\/4 en 2, 15\/4 en 3, 16\/4 en 4, 21\/4 en 5, 22\/4 en 6, 23\/4 en 7, 24\/4 en 8 y 25\/4 en 9.\"><\/figure>\n<h2><strong>Asignaciones familiares de Pensiones No Contributivas (PNC)<\/strong><\/h2>\n<p>Hoy se mantiene activo el pago para <strong>todas las terminaciones de DNI<\/strong>.<\/p>\n<p>Este grupo puede cobrar hasta el <strong>12 de mayo<\/strong> inclusive, sin necesidad de asistir el mismo d\u00eda.<\/p>\n<aside class=\"whatsappChannelText\"><a href=\"https:\/\/whatsapp.com\/channel\/0029VagEjILGE56eKjedWF2U\" rel=\"nofollow\" title=\"WhatsApp Link\"><img alt=\"Logo de WhatsApp\" class=\"lazyload\" data-src=\"https:\/\/derechadiario.com.ar\/filesedc\/uploads\/other\/whatsapp_icon_mid_article.png\" width=\"32\" height=\"32\"><\/a> <a href=\"https:\/\/whatsapp.com\/channel\/0029VagEjILGE56eKjedWF2U\" rel=\"nofollow\" title=\"WhatsApp Link\"><strong>NO SE PIERDAN NINGUNA NOTICIA<\/strong>: Click aqu\u00ed para sumarte <strong>GRATIS<\/strong> al canal de noticias de <strong>La Derecha Diario en WhatsApp.<\/strong><\/a><\/aside>\n<figure><img decoding=\"async\" src=\"https:\/\/derechadiario.com.ar\/filesedc\/uploads\/image\/post\/asignaciones-familiares-pnc-anses_1200_800.webp\" class=\"img-responsive lazyload\" alt=\"Asignaciones Familiares de Pensiones No Contributivas para cobrar en abril, todas las terminaciones de DNI del 9 de abril al 12 de mayo.\" title=\"Asignaciones Familiares de Pensiones No Contributivas para cobrar en abril, todas las terminaciones de DNI del 9 de abril al 12 de mayo.\"><\/figure>\n<h2><strong>Asignaciones de pago \u00fanico: matrimonio, adopci\u00f3n y nacimiento<\/strong><\/h2>\n<p>Tambi\u00e9n se encuentra vigente el pago para <strong>todas las terminaciones de documentos<\/strong>.<\/p>\n<p>Las personas que hicieron el tr\u00e1mite pueden cobrar hasta el <strong>12 de mayo<\/strong>.<\/p>\n<figure><img decoding=\"async\" src=\"https:\/\/derechadiario.com.ar\/filesedc\/uploads\/image\/post\/asignaciones-pago-unico-abril-mayo-anses-2025_1200_800.webp\" class=\"img-responsive lazyload\" alt=\"Calendario de asignaciones de pago \u00fanico para matrimonio, adopci\u00f3n y nacimiento en abril, con fechas de cobro del 10\/4 al 12\/5 para la primera quincena y del 24\/4 al 12\/5 para la segunda quincena.\" title=\"Calendario de asignaciones de pago \u00fanico para matrimonio, adopci\u00f3n y nacimiento en abril, con fechas de cobro del 10\/4 al 12\/5 para la primera quincena y del 24\/4 al 12\/5 para la segunda quincena.\"><\/figure>\n<h2><strong>Prestaci\u00f3n por Desempleo: qui\u00e9nes cobran hoy<\/strong><\/h2>\n<p>Este mi\u00e9rcoles 23 cobran los titulares con <strong>DNI terminado en 0 y 1<\/strong>.<\/p>\n<p>El beneficio est\u00e1 destinado a personas despedidas sin justa causa y en situaci\u00f3n formal al momento del despido.<\/p>\n<figure><img decoding=\"async\" src=\"https:\/\/derechadiario.com.ar\/filesedc\/uploads\/image\/post\/desempleo-plan-1-anses-abril_1200_800.webp\" class=\"img-responsive lazyload\" alt=\"Calendario de pagos para el Plan de Desempleo 1 correspondiente al mes de abril, con fechas asignadas seg\u00fan la terminaci\u00f3n de documentos: 23 de abril para documentos terminados en 0 y 1, 24 de abril para 2 y 3, 25 de abril para 4 y 5, 28 de abril para 6 y 7, y 29 de abril para 8 y 9.\" title=\"Calendario de pagos para el Plan de Desempleo 1 correspondiente al mes de abril, con fechas asignadas seg\u00fan la terminaci\u00f3n de documentos: 23 de abril para documentos terminados en 0 y 1, 24 de abril para 2 y 3, 25 de abril para 4 y 5, 28 de abril para 6 y 7, y 29 de abril para 8 y 9.\"><\/figure>\n","protected":false},"excerpt":{"rendered":"<p>La Administraci\u00f3n Nacional de la Seguridad Social (ANSES) public\u00f3 el cronograma de pagos para este mi\u00e9rcoles 23 de abril de 2025. Las fechas est\u00e1n organizadas seg\u00fan la terminaci\u00f3n del DNI de cada beneficiario. Hoy cobran jubilados, pensionados, titulares de la AUH, AUE, y tambi\u00e9n quienes reciben asignaciones familiares y la prestaci\u00f3n por desempleo. El detalle [&hellip;]<\/p>\n","protected":false},"author":2,"featured_media":2596,"comment_status":"open","ping_status":"open","sticky":false,"template":"","format":"standard","meta":{"_et_pb_use_builder":"","_et_pb_old_content":"","_et_gb_content_width":"","footnotes":""},"categories":[80],"tags":[],"class_list":["post-2595","post","type-post","status-publish","format-standard","has-post-thumbnail","hentry","category-economia-2"],"_links":{"self":[{"href":"https:\/\/verdadincomodadiario.ar\/index.php?rest_route=\/wp\/v2\/posts\/2595","targetHints":{"allow":["GET"]}}],"collection":[{"href":"https:\/\/verdadincomodadiario.ar\/index.php?rest_route=\/wp\/v2\/posts"}],"about":[{"href":"https:\/\/verdadincomodadiario.ar\/index.php?rest_route=\/wp\/v2\/types\/post"}],"author":[{"embeddable":true,"href":"https:\/\/verdadincomodadiario.ar\/index.php?rest_route=\/wp\/v2\/users\/2"}],"replies":[{"embeddable":true,"href":"https:\/\/verdadincomodadiario.ar\/index.php?rest_route=%2Fwp%2Fv2%2Fcomments&post=2595"}],"version-history":[{"count":0,"href":"https:\/\/verdadincomodadiario.ar\/index.php?rest_route=\/wp\/v2\/posts\/2595\/revisions"}],"wp:featuredmedia":[{"embeddable":true,"href":"https:\/\/verdadincomodadiario.ar\/index.php?rest_route=\/wp\/v2\/media\/2596"}],"wp:attachment":[{"href":"https:\/\/verdadincomodadiario.ar\/index.php?rest_route=%2Fwp%2Fv2%2Fmedia&parent=2595"}],"wp:term":[{"taxonomy":"category","embeddable":true,"href":"https:\/\/verdadincomodadiario.ar\/index.php?rest_route=%2Fwp%2Fv2%2Fcategories&post=2595"},{"taxonomy":"post_tag","embeddable":true,"href":"https:\/\/verdadincomodadiario.ar\/index.php?rest_route=%2Fwp%2Fv2%2Ftags&post=2595"}],"curies":[{"name":"wp","href":"https:\/\/api.w.org\/{rel}","templated":true}]}}