{"id":2593,"date":"2025-04-23T18:47:19","date_gmt":"2025-04-23T18:47:19","guid":{"rendered":"https:\/\/www.verdadincomodadiario.ar\/?p=2593"},"modified":"2025-04-23T18:47:19","modified_gmt":"2025-04-23T18:47:19","slug":"el-gobierno-avanza-con-la-privatizacion-de-transener-y-activa-la-venta-de-enarsa","status":"publish","type":"post","link":"https:\/\/verdadincomodadiario.ar\/?p=2593","title":{"rendered":"El Gobierno avanza con la privatizaci\u00f3n de Transener y activa la venta de Enarsa"},"content":{"rendered":"<p>El Gobierno de <strong>Javier Milei publicar\u00e1 en los pr\u00f3ximos d\u00edas un decreto que habilita la <a href=\"https:\/\/derechadiario.com.ar\/politica\/privatizaciones-y-cierre-fideicomisos-que-acordo-gobierno-con-fmi\" title=\"Privatizaciones y cierre de fideicomisos: qu\u00e9 acord\u00f3 el Gobierno con el FMI\">privatizaci\u00f3n<\/a> de Energ\u00eda Argentina S.A<\/strong>. (Enarsa), dando comienzo a la venta de activos estrat\u00e9gicos como su participaci\u00f3n en Citelec, la empresa que controla Transener, principal transportadora de electricidad del pa\u00eds.<\/p>\n<p>Seg\u00fan confirm\u00f3 Infobae, <strong>el proceso contempla un concurso p\u00fablico nacional e internacional para desprenderse del paquete accionario que hoy posee Enarsa en Citelec<\/strong>. La intenci\u00f3n oficial es completar esta operaci\u00f3n antes de mitad de a\u00f1o.<\/p>\n<h2><strong>La privatizaci\u00f3n comenzar\u00e1 con la venta de Transener<\/strong><\/h2>\n<p><strong>Enarsa posee el 50% de las acciones de Citelec, mientras que el otro 50% est\u00e1 en manos de Pampa Energ\u00eda, la empresa de Marcelo Mindlin<\/strong>. Juntas, estas participaciones equivalen al 51% de Transener, compa\u00f1\u00eda que opera m\u00e1s de 12.400 kil\u00f3metros de l\u00edneas de transmisi\u00f3n el\u00e9ctrica.<\/p>\n<p>Aunque <strong>Pampa Energ\u00eda tiene prioridad estatutaria para adquirir el paquete accionario, el decreto en preparaci\u00f3n descarta expresamente esa opci\u00f3n.<\/strong>\u00a0 Adem\u00e1s, el art\u00edculo 31 de la Ley 24.065 impide que una generadora como Pampa Energ\u00eda tenga el control total de una transportista.<\/p>\n<aside class=\"are-you-interested-container-photo\"><\/aside>\n<div class=\"inter_image image_horizontal\">\n<picture><source class=\"img-responsive\" type=\"image\/webp\" data-srcset=\"\/filesedc\/uploads\/image\/post\/screenshot-2025-04-23-102828_300_200.webp 300w, \n\/filesedc\/uploads\/image\/post\/screenshot-2025-04-23-102828_630_420.webp 630w,\n                                \/filesedc\/uploads\/image\/post\/screenshot-2025-04-23-102828_760_507.webp 760w,\n                                \/filesedc\/uploads\/image\/post\/screenshot-2025-04-23-102828_1200_800.webp 1200w,\n                                \/filesedc\/uploads\/image\/post\/screenshot-2025-04-23-102828_1600_1067.webp 1600w\"><img decoding=\"async\" src=\"https:\/\/derechadiario.com.ar\/filesedc\/uploads\/image\/post\/screenshot-2025-04-23-102828_1200_800.webp\" class=\"img-responsive lazyload\" alt=\"Estructura met\u00e1lica de una subestaci\u00f3n el\u00e9ctrica con cables y torres bajo un cielo azul.\" title=\"Estructura met\u00e1lica de una subestaci\u00f3n el\u00e9ctrica con cables y torres bajo un cielo azul.\"><\/picture>\n<div>\n<span class=\"img_footer\">El Gobierno avanza con la privatizaci\u00f3n de Transener y activa la venta de Enarsa <\/span>| <span class=\"img_author\">La Derecha Diario<\/span>\n<\/div>\n<\/div>\n<p><strong>El Gobierno busca garantizar transparencia en el proceso de <a href=\"https:\/\/derechadiario.com.ar\/economia\/gobierno-milei-avanza-con-privatizacion-cuatro-centrales-hidroelectricas\" title=\"El Gobierno de Milei avanza con la privatizaci\u00f3n de cuatro centrales hidroel\u00e9ctricas\">privatizaci\u00f3n<\/a><\/strong>, sin dar lugar a preferencias a accionistas ni empleados, algo que tambi\u00e9n dejar\u00e1 establecido el decreto.<\/p>\n<h2><strong>Expectativa por el impacto de la revisi\u00f3n tarifaria<\/strong><\/h2>\n<p>Otro componente clave en esta operaci\u00f3n es la finalizaci\u00f3n de la <strong>Revisi\u00f3n Quinquenal de Tarifas (RQT)<\/strong>, en la que se definir\u00e1 el esquema de ingresos para las transportistas de energ\u00eda durante los pr\u00f3ximos cinco a\u00f1os. Una estructura tarifaria clara podr\u00eda atraer a inversores interesados en adquirir el control de Transener.<\/p>\n<p>El secretario coordinador de Energ\u00eda y Miner\u00eda, <strong>Daniel Gonz\u00e1lez<\/strong>, ya hab\u00eda adelantado en diciembre, durante el D\u00eda del Petr\u00f3leo, que el objetivo era desprenderse de este activo antes de mitad de 2025.<\/p>\n<h2><strong>Enarsa se reestructurar\u00e1 y conservar\u00e1 s\u00f3lo dos negocios<\/strong><\/h2>\n<p><strong>La privatizaci\u00f3n de Transener es solo el primer paso.<\/strong>\u00a0 El Gobierno prev\u00e9 avanzar con la venta de otros 17 activos de Enarsa, aunque reconoce que esos procesos ser\u00e1n m\u00e1s complejos. La intenci\u00f3n es que la empresa estatal conserve \u00fanicamente la operatoria del Gas Natural Licuado y la comercializaci\u00f3n de gas natural.<\/p>\n<figure><img decoding=\"async\" src=\"https:\/\/derechadiario.com.ar\/filesedc\/uploads\/image\/post\/screenshot-2025-04-23-102823_1200_800.webp\" class=\"img-responsive lazyload\" alt=\"Planta industrial con estructuras met\u00e1licas y chimeneas bajo un cielo parcialmente nublado.\" title=\"Planta industrial con estructuras met\u00e1licas y chimeneas bajo un cielo parcialmente nublado.\"><\/figure>\n<p>Enarsa tambi\u00e9n participa en las centrales t\u00e9rmicas <strong>Manuel Belgrano y General San Mart\u00edn, es due\u00f1a de tramos del Gasoducto Norte y el Perito Moreno,<\/strong> y coordina la construcci\u00f3n de las represas de Santa Cruz (N\u00e9stor Kirchner y Jorge Cepernic).<\/p>\n<aside class=\"whatsappChannelText\"><a href=\"https:\/\/whatsapp.com\/channel\/0029VagEjILGE56eKjedWF2U\" rel=\"nofollow\" title=\"WhatsApp Link\"><img alt=\"Logo de WhatsApp\" class=\"lazyload\" data-src=\"https:\/\/derechadiario.com.ar\/filesedc\/uploads\/other\/whatsapp_icon_mid_article.png\" width=\"32\" height=\"32\"><\/a> <a href=\"https:\/\/whatsapp.com\/channel\/0029VagEjILGE56eKjedWF2U\" rel=\"nofollow\" title=\"WhatsApp Link\"><strong>NO SE PIERDAN NINGUNA NOTICIA<\/strong>: Click aqu\u00ed para sumarte <strong>GRATIS<\/strong> al canal de noticias de <strong>La Derecha Diario en WhatsApp.<\/strong><\/a><\/aside>\n<p>Como parte del acuerdo con el Fondo Monetario Internacional (FMI), <strong>el Gobierno se comprometi\u00f3 a reactivar las negociaciones con China para obtener financiamiento que permita completar esas obras.<\/strong><\/p>\n<h2><strong>M\u00e1s privatizaciones en carpeta<\/strong><\/h2>\n<p><strong>La Ley Bases impulsada por el Ejecutivo contempla la privatizaci\u00f3n total de Enarsa e Intercargo<\/strong>, y la cesi\u00f3n parcial \u2014v\u00eda concesi\u00f3n o incorporaci\u00f3n de capitales privados\u2014 de Aysa, Belgrano Cargas, Sofse y Corredores Viales.<\/p>\n<p>Adem\u00e1s<strong>, se autoriz\u00f3 la apertura de Nucleoel\u00e9ctrica Argentina y Yacimientos Carbon\u00edferos Fiscales a inversiones privadas.<\/strong><\/p>\n","protected":false},"excerpt":{"rendered":"<p>El Gobierno de Javier Milei publicar\u00e1 en los pr\u00f3ximos d\u00edas un decreto que habilita la privatizaci\u00f3n de Energ\u00eda Argentina S.A. (Enarsa), dando comienzo a la venta de activos estrat\u00e9gicos como su participaci\u00f3n en Citelec, la empresa que controla Transener, principal transportadora de electricidad del pa\u00eds. Seg\u00fan confirm\u00f3 Infobae, el proceso contempla un concurso p\u00fablico nacional [&hellip;]<\/p>\n","protected":false},"author":2,"featured_media":2594,"comment_status":"open","ping_status":"open","sticky":false,"template":"","format":"standard","meta":{"_et_pb_use_builder":"","_et_pb_old_content":"","_et_gb_content_width":"","footnotes":""},"categories":[80],"tags":[],"class_list":["post-2593","post","type-post","status-publish","format-standard","has-post-thumbnail","hentry","category-economia-2"],"_links":{"self":[{"href":"https:\/\/verdadincomodadiario.ar\/index.php?rest_route=\/wp\/v2\/posts\/2593","targetHints":{"allow":["GET"]}}],"collection":[{"href":"https:\/\/verdadincomodadiario.ar\/index.php?rest_route=\/wp\/v2\/posts"}],"about":[{"href":"https:\/\/verdadincomodadiario.ar\/index.php?rest_route=\/wp\/v2\/types\/post"}],"author":[{"embeddable":true,"href":"https:\/\/verdadincomodadiario.ar\/index.php?rest_route=\/wp\/v2\/users\/2"}],"replies":[{"embeddable":true,"href":"https:\/\/verdadincomodadiario.ar\/index.php?rest_route=%2Fwp%2Fv2%2Fcomments&post=2593"}],"version-history":[{"count":0,"href":"https:\/\/verdadincomodadiario.ar\/index.php?rest_route=\/wp\/v2\/posts\/2593\/revisions"}],"wp:featuredmedia":[{"embeddable":true,"href":"https:\/\/verdadincomodadiario.ar\/index.php?rest_route=\/wp\/v2\/media\/2594"}],"wp:attachment":[{"href":"https:\/\/verdadincomodadiario.ar\/index.php?rest_route=%2Fwp%2Fv2%2Fmedia&parent=2593"}],"wp:term":[{"taxonomy":"category","embeddable":true,"href":"https:\/\/verdadincomodadiario.ar\/index.php?rest_route=%2Fwp%2Fv2%2Fcategories&post=2593"},{"taxonomy":"post_tag","embeddable":true,"href":"https:\/\/verdadincomodadiario.ar\/index.php?rest_route=%2Fwp%2Fv2%2Ftags&post=2593"}],"curies":[{"name":"wp","href":"https:\/\/api.w.org\/{rel}","templated":true}]}}