{"id":2589,"date":"2025-04-23T18:47:21","date_gmt":"2025-04-23T18:47:21","guid":{"rendered":"https:\/\/www.verdadincomodadiario.ar\/?p=2589"},"modified":"2025-04-23T18:47:21","modified_gmt":"2025-04-23T18:47:21","slug":"argentina-sera-uno-de-los-paises-que-mas-va-a-crecer-en-el-mundo-segun-el-fmi","status":"publish","type":"post","link":"https:\/\/verdadincomodadiario.ar\/?p=2589","title":{"rendered":"Argentina ser\u00e1 uno de los pa\u00edses que m\u00e1s va a crecer en el mundo, seg\u00fan el FMI"},"content":{"rendered":"<p>El Fondo Monetario Internacional (FMI) proyecta que la econom\u00eda mundial experimentar\u00e1 una notable desaceleraci\u00f3n en 2025, como consecuencia de la guerra comercial entre Estados Unidos y China.<\/p>\n<p>Sin embargo, la estimaci\u00f3n del\u00a0crecimiento econ\u00f3mico de <strong>Argentina<\/strong> se mantuvo <strong>igual<\/strong>, logrando que, junto con la India, sea el pa\u00eds que <strong>m\u00e1s va a crecer este a\u00f1o en todo el mundo<\/strong>, gracias a la <a href=\"https:\/\/derechadiario.com.ar\/economia\/aysa-logro-superavit-operativo-tras-17-anos-y-se-encamina-privatizacion\" target=\"_blank\" title=\"AySA logr\u00f3 super\u00e1vit operativo tras 17 a\u00f1os y se encamina a la privatizaci\u00f3n\">exitosa<\/a> pol\u00edtica econ\u00f3mica del Gobierno de <a href=\"https:\/\/derechadiario.com.ar\/economia\/gobierno-avanza-con-privatizacion-transener-y-activa-venta-enarsa\" target=\"_blank\" title=\"El Gobierno avanza con la privatizaci\u00f3n de Transener y activa la venta de Enarsa\"><strong>Javier Milei<\/strong><\/a>.<\/p>\n<p>En ese marco, el m\u00e1s reciente informe t\u00e9cnico elaborado por el equipo del FMI proyecta para Argentina un <strong>crecimiento econ\u00f3mico del 5,5% del PBI<\/strong> y una <strong>inflaci\u00f3n<\/strong> que oscilar\u00eda entre el <strong>18% y el 23% anual<\/strong>.<\/p>\n<div class=\"inter_image image_horizontal\">\n<picture><source class=\"img-responsive\" type=\"image\/webp\" data-srcset=\"\/filesedc\/uploads\/image\/post\/6-3_300_200.webp 300w, \n\/filesedc\/uploads\/image\/post\/6-3_630_420.webp 630w,\n                                \/filesedc\/uploads\/image\/post\/6-3_760_507.webp 760w,\n                                \/filesedc\/uploads\/image\/post\/6-3_1200_800.webp 1200w,\n                                \/filesedc\/uploads\/image\/post\/6-3_1600_1067.webp 1600w\"><img decoding=\"async\" src=\"https:\/\/derechadiario.com.ar\/filesedc\/uploads\/image\/post\/6-3_1200_800.webp\" class=\"img-responsive lazyload\" alt=\"Un hombre sonriendo con traje y corbata.\" title=\"Un hombre sonriendo con traje y corbata.\"><\/picture>\n<div>\n<span class=\"img_footer\">Javier Milei, presidente de Argentina. <\/span>| <span class=\"img_author\">La Derecha Diario<\/span>\n<\/div>\n<\/div>\n<p>&#8220;<strong>Mantenemos la proyecci\u00f3n de un crecimiento del 5,5% para Argentina, lo cual se vincula con las sorpresas positivas registradas, a pesar del fuerte ajuste fiscal. Consideramos que la recuperaci\u00f3n de la confianza ha sido un factor clave para este pron\u00f3stico<\/strong>&#8220;, afirm\u00f3 Petya Koeva-Brooks, directora del \u00e1rea de investigaci\u00f3n del organismo, al ser consultada sobre si los aranceles rec\u00edprocos impulsados por <strong>Donald Trump<\/strong> podr\u00edan incidir en las proyecciones del WEO para el pa\u00eds.<\/p>\n<aside class=\"are-you-interested-container-photo\"><\/aside>\n<p>En t\u00e9rminos generales, el FMI\u00a0redujo sus proyecciones de crecimiento para la econom\u00eda mundial en 2025 y 2026 debido a la guerra comercial: ahora estima una <strong>expansi\u00f3n del 2,8%<\/strong> para 2025 y del <strong>3%<\/strong> en 2026, en comparaci\u00f3n con el 3,3% previsto para ambos a\u00f1os en el informe de enero.<\/p>\n<p>Esto implica una revisi\u00f3n acumulada a la baja de 0,8 puntos porcentuales. Las nuevas cifras se encuentran muy por debajo del promedio hist\u00f3rico del 3,7% registrado entre 2000 y 2019.<\/p>\n<aside class=\"whatsappChannelText\"><a href=\"https:\/\/whatsapp.com\/channel\/0029VagEjILGE56eKjedWF2U\" rel=\"nofollow\" title=\"WhatsApp Link\"><img alt=\"Logo de WhatsApp\" class=\"lazyload\" data-src=\"https:\/\/derechadiario.com.ar\/filesedc\/uploads\/other\/whatsapp_icon_mid_article.png\" width=\"32\" height=\"32\"><\/a> <a href=\"https:\/\/whatsapp.com\/channel\/0029VagEjILGE56eKjedWF2U\" rel=\"nofollow\" title=\"WhatsApp Link\"><strong>NO SE PIERDAN NINGUNA NOTICIA<\/strong>: Click aqu\u00ed para sumarte <strong>GRATIS<\/strong> al canal de noticias de <strong>La Derecha Diario en WhatsApp.<\/strong><\/a><\/aside>\n<figure><img decoding=\"async\" src=\"https:\/\/derechadiario.com.ar\/filesedc\/uploads\/image\/post\/a8b20c9684df5822fd9a910b6528acd4--800x578_1200_800.webp\" class=\"img-responsive lazyload\" alt=\"Un hombre con gafas y traje oscuro est\u00e1 sentado frente a una computadora port\u00e1til en una sala con cortinas doradas y una bandera argentina.\" title=\"Un hombre con gafas y traje oscuro est\u00e1 sentado frente a una computadora port\u00e1til en una sala con cortinas doradas y una bandera argentina.\"><\/figure>\n<p>Sobre las proyecciones, el organismo espera un crecimiento del 2% del PBI para Brasil, un 4% para China, un 3,8% para Egipto, un 4,7% para Indonesia, un 2,7% para Turqu\u00eda, entre otras naciones. Sin embargo, Argentina y la India lideran el raking, con un 5,5% y un 6,2% respectivamente.<\/p>\n<figure><img decoding=\"async\" src=\"https:\/\/derechadiario.com.ar\/filesedc\/uploads\/image\/post\/gplgdjga4ai3pc3_1200_800.webp\" class=\"img-responsive lazyload\" alt=\"Proyecciones de crecimiento econ\u00f3mico mundial para 2024, 2025 y 2026, mostrando el crecimiento del PIB real en porcentajes para la econom\u00eda global, econom\u00edas avanzadas y econom\u00edas de mercados emergentes y en desarrollo, seg\u00fan el informe del FMI de abril de 2025.\" title=\"Proyecciones de crecimiento econ\u00f3mico mundial para 2024, 2025 y 2026, mostrando el crecimiento del PIB real en porcentajes para la econom\u00eda global, econom\u00edas avanzadas y econom\u00edas de mercados emergentes y en desarrollo, seg\u00fan el informe del FMI de abril de 2025.\"><\/figure>\n<p>En las econom\u00edas desarrolladas, la proyecci\u00f3n de crecimiento para 2025 se reduce al 1,4%. Esta revisi\u00f3n se atribuye a un aumento en la incertidumbre, mayores tensiones comerciales y una disminuci\u00f3n en la demanda. Por su parte, la eurozona mostrar\u00eda una expansi\u00f3n del 0,8%, registrando una leve disminuci\u00f3n de 0,2 puntos porcentuales respecto a las previsiones previas.<\/p>\n","protected":false},"excerpt":{"rendered":"<p>El Fondo Monetario Internacional (FMI) proyecta que la econom\u00eda mundial experimentar\u00e1 una notable desaceleraci\u00f3n en 2025, como consecuencia de la guerra comercial entre Estados Unidos y China. Sin embargo, la estimaci\u00f3n del\u00a0crecimiento econ\u00f3mico de Argentina se mantuvo igual, logrando que, junto con la India, sea el pa\u00eds que m\u00e1s va a crecer este a\u00f1o en [&hellip;]<\/p>\n","protected":false},"author":2,"featured_media":2590,"comment_status":"open","ping_status":"open","sticky":false,"template":"","format":"standard","meta":{"_et_pb_use_builder":"","_et_pb_old_content":"","_et_gb_content_width":"","footnotes":""},"categories":[80],"tags":[],"class_list":["post-2589","post","type-post","status-publish","format-standard","has-post-thumbnail","hentry","category-economia-2"],"_links":{"self":[{"href":"https:\/\/verdadincomodadiario.ar\/index.php?rest_route=\/wp\/v2\/posts\/2589","targetHints":{"allow":["GET"]}}],"collection":[{"href":"https:\/\/verdadincomodadiario.ar\/index.php?rest_route=\/wp\/v2\/posts"}],"about":[{"href":"https:\/\/verdadincomodadiario.ar\/index.php?rest_route=\/wp\/v2\/types\/post"}],"author":[{"embeddable":true,"href":"https:\/\/verdadincomodadiario.ar\/index.php?rest_route=\/wp\/v2\/users\/2"}],"replies":[{"embeddable":true,"href":"https:\/\/verdadincomodadiario.ar\/index.php?rest_route=%2Fwp%2Fv2%2Fcomments&post=2589"}],"version-history":[{"count":0,"href":"https:\/\/verdadincomodadiario.ar\/index.php?rest_route=\/wp\/v2\/posts\/2589\/revisions"}],"wp:featuredmedia":[{"embeddable":true,"href":"https:\/\/verdadincomodadiario.ar\/index.php?rest_route=\/wp\/v2\/media\/2590"}],"wp:attachment":[{"href":"https:\/\/verdadincomodadiario.ar\/index.php?rest_route=%2Fwp%2Fv2%2Fmedia&parent=2589"}],"wp:term":[{"taxonomy":"category","embeddable":true,"href":"https:\/\/verdadincomodadiario.ar\/index.php?rest_route=%2Fwp%2Fv2%2Fcategories&post=2589"},{"taxonomy":"post_tag","embeddable":true,"href":"https:\/\/verdadincomodadiario.ar\/index.php?rest_route=%2Fwp%2Fv2%2Ftags&post=2589"}],"curies":[{"name":"wp","href":"https:\/\/api.w.org\/{rel}","templated":true}]}}