{"id":2485,"date":"2025-04-21T21:52:00","date_gmt":"2025-04-21T21:52:00","guid":{"rendered":"https:\/\/verdadincomodadiario.ar\/?p=2485"},"modified":"2025-04-21T21:52:00","modified_gmt":"2025-04-21T21:52:00","slug":"cronograma-anses-que-prestaciones-se-pagan-este-martes-15-de-abril","status":"publish","type":"post","link":"https:\/\/verdadincomodadiario.ar\/?p=2485","title":{"rendered":"Cronograma ANSES: qu\u00e9 prestaciones se pagan este martes 15 de abril"},"content":{"rendered":"<p>La <a href=\"https:\/\/derechadiario.com.ar\/economia\/anses-cambian-las-fechas-cobro-abril-por-los-feriados-semana-santa\" title=\"ANSES: cambian las fechas de cobro de abril por los feriados de Semana Santa\"><strong>ANSES<\/strong><\/a> dio a conocer el <strong>cronograma de pagos<\/strong> correspondiente a este martes <strong>15 de abril de 2025<\/strong>. El calendario incluye el pago de <strong>jubilaciones<\/strong>, <strong>pensiones<\/strong>, <a href=\"https:\/\/derechadiario.com.ar\/economia\/libreta-auh-2025-como-hacer-tramite-para-cobrar-20-retenido\" title=\"Libreta AUH 2025: c\u00f3mo hacer el tr\u00e1mite para cobrar el 20% retenido\"><strong>AUH<\/strong><\/a>, <strong>AUE<\/strong> y otras asignaciones familiares.<\/p>\n<p>Como cada d\u00eda h\u00e1bil, la <strong>Administraci\u00f3n Nacional de la Seguridad Social<\/strong> realiza el dep\u00f3sito de diferentes prestaciones, seg\u00fan la terminaci\u00f3n del DNI de los titulares. A continuaci\u00f3n, repasamos qui\u00e9nes reciben hoy el pago.<\/p>\n<div class=\"inter_image image_horizontal\">\n<picture><source class=\"img-responsive\" type=\"image\/webp\" data-srcset=\"\/filesedc\/uploads\/image\/post\/anses-1-jpg_300_200.webp 300w, \n\/filesedc\/uploads\/image\/post\/anses-1-jpg_630_420.webp 630w,\n                                \/filesedc\/uploads\/image\/post\/anses-1-jpg_760_507.webp 760w,\n                                \/filesedc\/uploads\/image\/post\/anses-1-jpg_1200_800.webp 1200w,\n                                \/filesedc\/uploads\/image\/post\/anses-1-jpg_1600_1067.webp 1600w\"><img decoding=\"async\" src=\"https:\/\/derechadiario.com.ar\/filesedc\/uploads\/image\/post\/anses-1-jpg_1200_800.webp\" class=\"img-responsive lazyload\" alt=\"Fachada de una oficina de ANSES con un cartel azul y un coraz\u00f3n naranja.\" title=\"Fachada de una oficina de ANSES con un cartel azul y un coraz\u00f3n naranja.\"><\/picture>\n<div>\n<span class=\"img_footer\">Qui\u00e9nes cobran hoy seg\u00fan la terminaci\u00f3n del DNI <\/span>| <span class=\"img_author\">La Derecha Diario<\/span>\n<\/div>\n<\/div>\n<h2><strong>Jubilaciones y pensiones que no superan los $285.820,63<\/strong><\/h2>\n<p>Hoy <strong>martes 15 de abril<\/strong> cobran los beneficiarios con <strong>DNI terminado en 4<\/strong>. Este grupo forma parte del calendario de haberes m\u00ednimos.<\/p>\n<figure><img decoding=\"async\" src=\"https:\/\/derechadiario.com.ar\/filesedc\/uploads\/image\/post\/jubilaciones-minimas-anses-abril_1200_800.webp\" class=\"img-responsive lazyload\" alt=\"Calendario de pagos de jubilaciones y pensiones que no superen el haber m\u00ednimo para el mes de abril, con fechas asignadas seg\u00fan la terminaci\u00f3n del n\u00famero de documento: 9\/4 para terminados en 0, 10\/4 en 1, 11\/4 en 2, 14\/4 en 3, 15\/4 en 4 y 5, 16\/4 en 6, 21\/4 en 7, 22\/4 en 8, y 23\/4 en 9.\" title=\"Calendario de pagos de jubilaciones y pensiones que no superen el haber m\u00ednimo para el mes de abril, con fechas asignadas seg\u00fan la terminaci\u00f3n del n\u00famero de documento: 9\/4 para terminados en 0, 10\/4 en 1, 11\/4 en 2, 14\/4 en 3, 15\/4 en 4 y 5, 16\/4 en 6, 21\/4 en 7, 22\/4 en 8, y 23\/4 en 9.\"><\/figure>\n<h2><strong>Asignaci\u00f3n Universal por Hijo (AUH) y Tarjeta Alimentar<\/strong><\/h2>\n<p>Tambi\u00e9n este <strong>martes 15 de abril<\/strong>, reciben el pago quienes tienen <strong>DNI finalizado en 4<\/strong>. La acreditaci\u00f3n incluye el monto correspondiente a la <strong>Tarjeta Alimentar<\/strong>, si corresponde.<\/p>\n<aside class=\"are-you-interested-container-photo\"><\/aside>\n<figure><img decoding=\"async\" src=\"https:\/\/derechadiario.com.ar\/filesedc\/uploads\/image\/post\/anses-auh-abril_1200_800.webp\" class=\"img-responsive lazyload\" alt=\"Calendario de pagos de la Asignaci\u00f3n Familiar por Hijo y Asignaci\u00f3n Universal por Hijo para abril, con fechas espec\u00edficas seg\u00fan la terminaci\u00f3n del n\u00famero de documento.\" title=\"Calendario de pagos de la Asignaci\u00f3n Familiar por Hijo y Asignaci\u00f3n Universal por Hijo para abril, con fechas espec\u00edficas seg\u00fan la terminaci\u00f3n del n\u00famero de documento.\"><\/figure>\n<h2><strong>Asignaci\u00f3n Universal por Embarazo (AUE)<\/strong><\/h2>\n<p>Las titulares de la <strong>AUE<\/strong> con <strong>DNI terminado en 3<\/strong> cobran hoy <strong>15 de abril<\/strong>. Esta prestaci\u00f3n se abona mensualmente a mujeres embarazadas que cumplan con los requisitos.<\/p>\n<figure><img decoding=\"async\" src=\"https:\/\/derechadiario.com.ar\/filesedc\/uploads\/image\/post\/asignacion-por-embarazo-anses-abril_1200_800.webp\" class=\"img-responsive lazyload\" alt=\"Calendario de pago de la Asignaci\u00f3n por Embarazo para abril, con fechas asignadas seg\u00fan la terminaci\u00f3n del n\u00famero de documento: 10\/4 para terminados en 0, 11\/4 en 1, 14\/4 en 2, 15\/4 en 3, 16\/4 en 4, 21\/4 en 5, 22\/4 en 6, 23\/4 en 7, 24\/4 en 8 y 25\/4 en 9.\" title=\"Calendario de pago de la Asignaci\u00f3n por Embarazo para abril, con fechas asignadas seg\u00fan la terminaci\u00f3n del n\u00famero de documento: 10\/4 para terminados en 0, 11\/4 en 1, 14\/4 en 2, 15\/4 en 3, 16\/4 en 4, 21\/4 en 5, 22\/4 en 6, 23\/4 en 7, 24\/4 en 8 y 25\/4 en 9.\"><\/figure>\n<h2><strong>Asignaci\u00f3n por Prenatal y Maternidad<\/strong><\/h2>\n<p>Hoy reciben su haber las personas con <strong>DNI finalizado en 4 y 5<\/strong>. Estas asignaciones est\u00e1n destinadas a trabajadoras registradas y monotributistas.<\/p>\n<figure><img decoding=\"async\" src=\"https:\/\/derechadiario.com.ar\/filesedc\/uploads\/image\/post\/asignacion-prenatal-y-por-embarazo-anses-abril_1200_800.webp\" class=\"img-responsive lazyload\" alt=\"Calendario de pago para asignaciones por prenatal y maternidad en abril, con fechas seg\u00fan la terminaci\u00f3n de documentos: 0 y 1 el 11 de abril, 2 y 3 el 14 de abril, 4 y 5 el 15 de abril, 6 y 7 el 16 de abril, 8 y 9 el 21 de abril.\" title=\"Calendario de pago para asignaciones por prenatal y maternidad en abril, con fechas seg\u00fan la terminaci\u00f3n de documentos: 0 y 1 el 11 de abril, 2 y 3 el 14 de abril, 4 y 5 el 15 de abril, 6 y 7 el 16 de abril, 8 y 9 el 21 de abril.\"><\/figure>\n<h2><strong>Asignaciones familiares de Pensiones No Contributivas (PNC)<\/strong><\/h2>\n<p>Contin\u00faa el pago de las <strong>asignaciones familiares de Pensiones No Contributivas<\/strong>. Cobran todas las terminaciones de DNI <strong>hasta el 12 de mayo<\/strong>.<\/p>\n<aside class=\"whatsappChannelText\"><a href=\"https:\/\/whatsapp.com\/channel\/0029VagEjILGE56eKjedWF2U\" rel=\"nofollow\" title=\"WhatsApp Link\"><img alt=\"Logo de WhatsApp\" class=\"lazyload\" data-src=\"https:\/\/derechadiario.com.ar\/filesedc\/uploads\/other\/whatsapp_icon_mid_article.png\" width=\"32\" height=\"32\"><\/a> <a href=\"https:\/\/whatsapp.com\/channel\/0029VagEjILGE56eKjedWF2U\" rel=\"nofollow\" title=\"WhatsApp Link\"><strong>NO SE PIERDAN NINGUNA NOTICIA<\/strong>: Click aqu\u00ed para sumarte <strong>GRATIS<\/strong> al canal de noticias de <strong>La Derecha Diario en WhatsApp.<\/strong><\/a><\/aside>\n<figure><img decoding=\"async\" src=\"https:\/\/derechadiario.com.ar\/filesedc\/uploads\/image\/post\/asignaciones-familiares-pnc-anses_1200_800.webp\" class=\"img-responsive lazyload\" alt=\"Asignaciones Familiares de Pensiones No Contributivas para cobrar en abril, todas las terminaciones de DNI del 9 de abril al 12 de mayo.\" title=\"Asignaciones Familiares de Pensiones No Contributivas para cobrar en abril, todas las terminaciones de DNI del 9 de abril al 12 de mayo.\"><\/figure>\n<h2><strong>Asignaciones de pago \u00fanico: matrimonio, adopci\u00f3n y nacimiento<\/strong><\/h2>\n<p>Quienes hayan tramitado este tipo de asignaciones tambi\u00e9n est\u00e1n cobrando. Se abonan a <strong>todas las terminaciones de DNI<\/strong> <strong>hasta el 12 de mayo<\/strong>.<\/p>\n<aside class=\"are-you-interested-container-photo\"><\/aside>\n<figure><img decoding=\"async\" src=\"https:\/\/derechadiario.com.ar\/filesedc\/uploads\/image\/post\/asignaciones-pago-unico-abril-mayo-anses-2025_1200_800.webp\" class=\"img-responsive lazyload\" alt=\"Calendario de asignaciones de pago \u00fanico para matrimonio, adopci\u00f3n y nacimiento en abril, con fechas de cobro del 10\/4 al 12\/5 para la primera quincena y del 24\/4 al 12\/5 para la segunda quincena.\" title=\"Calendario de asignaciones de pago \u00fanico para matrimonio, adopci\u00f3n y nacimiento en abril, con fechas de cobro del 10\/4 al 12\/5 para la primera quincena y del 24\/4 al 12\/5 para la segunda quincena.\"><\/figure>\n","protected":false},"excerpt":{"rendered":"<p>La ANSES dio a conocer el cronograma de pagos correspondiente a este martes 15 de abril de 2025. El calendario incluye el pago de jubilaciones, pensiones, AUH, AUE y otras asignaciones familiares. Como cada d\u00eda h\u00e1bil, la Administraci\u00f3n Nacional de la Seguridad Social realiza el dep\u00f3sito de diferentes prestaciones, seg\u00fan la terminaci\u00f3n del DNI de [&hellip;]<\/p>\n","protected":false},"author":2,"featured_media":2486,"comment_status":"open","ping_status":"open","sticky":false,"template":"","format":"standard","meta":{"_et_pb_use_builder":"","_et_pb_old_content":"","_et_gb_content_width":"","footnotes":""},"categories":[80],"tags":[],"class_list":["post-2485","post","type-post","status-publish","format-standard","has-post-thumbnail","hentry","category-economia-2"],"_links":{"self":[{"href":"https:\/\/verdadincomodadiario.ar\/index.php?rest_route=\/wp\/v2\/posts\/2485","targetHints":{"allow":["GET"]}}],"collection":[{"href":"https:\/\/verdadincomodadiario.ar\/index.php?rest_route=\/wp\/v2\/posts"}],"about":[{"href":"https:\/\/verdadincomodadiario.ar\/index.php?rest_route=\/wp\/v2\/types\/post"}],"author":[{"embeddable":true,"href":"https:\/\/verdadincomodadiario.ar\/index.php?rest_route=\/wp\/v2\/users\/2"}],"replies":[{"embeddable":true,"href":"https:\/\/verdadincomodadiario.ar\/index.php?rest_route=%2Fwp%2Fv2%2Fcomments&post=2485"}],"version-history":[{"count":0,"href":"https:\/\/verdadincomodadiario.ar\/index.php?rest_route=\/wp\/v2\/posts\/2485\/revisions"}],"wp:featuredmedia":[{"embeddable":true,"href":"https:\/\/verdadincomodadiario.ar\/index.php?rest_route=\/wp\/v2\/media\/2486"}],"wp:attachment":[{"href":"https:\/\/verdadincomodadiario.ar\/index.php?rest_route=%2Fwp%2Fv2%2Fmedia&parent=2485"}],"wp:term":[{"taxonomy":"category","embeddable":true,"href":"https:\/\/verdadincomodadiario.ar\/index.php?rest_route=%2Fwp%2Fv2%2Fcategories&post=2485"},{"taxonomy":"post_tag","embeddable":true,"href":"https:\/\/verdadincomodadiario.ar\/index.php?rest_route=%2Fwp%2Fv2%2Ftags&post=2485"}],"curies":[{"name":"wp","href":"https:\/\/api.w.org\/{rel}","templated":true}]}}