{"id":2483,"date":"2025-04-21T21:52:01","date_gmt":"2025-04-21T21:52:01","guid":{"rendered":"https:\/\/verdadincomodadiario.ar\/?p=2483"},"modified":"2025-04-21T21:52:01","modified_gmt":"2025-04-21T21:52:01","slug":"milei-y-el-principio-de-imputacion-de-menger","status":"publish","type":"post","link":"https:\/\/verdadincomodadiario.ar\/?p=2483","title":{"rendered":"Milei y el principio de imputaci\u00f3n de Menger"},"content":{"rendered":"<p>En 1871, Carl Menger public\u00f3 Principios de Econom\u00eda Pol\u00edtica, obra que dio origen a la Escuela Austr\u00edaca y revolucion\u00f3 el pensamiento econ\u00f3mico cl\u00e1sico al sentar las bases de la teor\u00eda subjetiva del valor. Frente a las teor\u00edas objetivas predominantes \u2014como la del valor-trabajo de Ricardo y Marx\u2014, <strong>Menger introdujo un enfoque radicalmente distinto: el valor de los bienes no est\u00e1 dado por sus caracter\u00edsticas intr\u00ednsecas ni por el trabajo incorporado, sino por la utilidad que los individuos les asignan de manera subjetiva en funci\u00f3n de sus fines.<\/strong><\/p>\n<p>Este cambio de paradigma tuvo implicancias te\u00f3ricas y pr\u00e1cticas profundas, especialmente en lo que respecta a la formaci\u00f3n de precios y el rol de los consumidores en el proceso econ\u00f3mico. En contraposici\u00f3n al enfoque cl\u00e1sico donde los costos determinaban los precios, <strong>Menger argument\u00f3 que es el valor que los consumidores atribuyen a los bienes de consumo lo que determina, por imputaci\u00f3n, el valor de los bienes de capital y, por ende, los costos.<\/strong> Esta inversi\u00f3n causal, hoy retomada por el Presidente\u00a0Javier Milei, es clave para entender fen\u00f3menos de mercado en contextos inflacionarios como el argentino.<\/p>\n<div class=\"inter_image image_vertical\">\n<picture><source class=\"img-responsive\" type=\"image\/webp\" data-srcset=\"\/filesedc\/uploads\/image\/post\/7b5c9aba-5650-48ad-9a20-d0d7539618eb_300_400.webp 300w, \n\/filesedc\/uploads\/image\/post\/7b5c9aba-5650-48ad-9a20-d0d7539618eb_630_840.webp 630w,\n                                \/filesedc\/uploads\/image\/post\/7b5c9aba-5650-48ad-9a20-d0d7539618eb_760_1013.webp 760w,\n                                \/filesedc\/uploads\/image\/post\/7b5c9aba-5650-48ad-9a20-d0d7539618eb_1200_1600.webp 1200w,\n                                \/filesedc\/uploads\/image\/post\/7b5c9aba-5650-48ad-9a20-d0d7539618eb_1600_2133.webp 1600w\"><img decoding=\"async\" src=\"https:\/\/derechadiario.com.ar\/filesedc\/uploads\/image\/post\/7b5c9aba-5650-48ad-9a20-d0d7539618eb_1200_1600.webp\" class=\"img-responsive lazyload\" alt=\"Un hombre con traje oscuro sostiene un cartel con retratos de economistas y frases asociadas a ellos.\" title=\"Un hombre con traje oscuro sostiene un cartel con retratos de economistas y frases asociadas a ellos.\"><\/picture>\n<div>\n<span class=\"img_footer\">Javier Milei y la Escuela Austriaca <\/span>| <span class=\"img_author\">La Derecha Diario<\/span>\n<\/div>\n<\/div>\n<h2>El valor es subjetivo, no objetivo<\/h2>\n<p>Menger parte de una concepci\u00f3n individualista y marginalista del valor. <strong>Para \u00e9l, un bien solo tiene valor si contribuye a satisfacer una necesidad humana.<\/strong> Este valor no se deriva de una esencia objetiva, sino de la utilidad marginal, es decir, la importancia que tiene el uso menos urgente que puede satisfacerse con una unidad adicional del bien. As\u00ed, <strong>el valor no est\u00e1 en el bien, sino en la mente del sujeto que lo valora.<\/strong><\/p>\n<p>Esta visi\u00f3n choca frontalmente con las teor\u00edas que asignaban valor en funci\u00f3n del trabajo incorporado. Menger mostr\u00f3 que incluso bienes producidos con igual cantidad de trabajo pueden tener valores de mercado radicalmente distintos, simplemente porque los fines que satisfacen son distintos en importancia para los consumidores. <strong>El valor, entonces, nace en el consumo, no en la producci\u00f3n.<\/strong><\/p>\n<figure><img decoding=\"async\" src=\"https:\/\/derechadiario.com.ar\/filesedc\/uploads\/image\/post\/08758df4-9d5b-4797-bf4d-2efeb7560ff3_1200_1600.webp\" class=\"img-responsive lazyload\" alt=\"Portada de un libro titulado \" princ de economia pol carl menger con una imagen estilizada del autor en tonos verdes y azules. title=\"Portada de un libro titulado \"><\/figure>\n<h2>El principio de imputaci\u00f3n: los precios no se explican por los costos<\/h2>\n<p>Uno de los aportes m\u00e1s revolucionarios de Menger fue el principio de imputaci\u00f3n, seg\u00fan <strong>el cual el valor de los bienes de orden superior (bienes de capital o factores de producci\u00f3n) se deriva del valor de los bienes de consumo (bienes de orden inferior).<\/strong> En otras palabras, los bienes de capital tienen valor en tanto y en cuanto permiten producir bienes que los consumidores valoran.<\/p>\n<aside class=\"are-you-interested-container-photo\"><\/aside>\n<p><strong>Este principio implica que no son los costos los que determinan los precios, sino que son los precios esperados de los bienes finales los que determinan cu\u00e1nto se puede pagar por los insumos y factores productivos.<\/strong> Por ejemplo, un productor est\u00e1 dispuesto a pagar por la\u00a0harina, el trabajo y la electricidad en funci\u00f3n del precio al que cree que podr\u00e1 vender el pan. Si el consumidor no valora ese pan al precio final, el empresario sufrir\u00e1 p\u00e9rdidas, independientemente de sus costos.<\/p>\n<figure><img decoding=\"async\" src=\"https:\/\/derechadiario.com.ar\/filesedc\/uploads\/image\/post\/dc763aae-d973-490e-bbff-214c0d9ccb0f_1200_800.webp\" class=\"img-responsive lazyload\" alt=\"Un hombre de cabello oscuro y traje aparece en primer plano, mientras que al fondo se observa una pizarra con anotaciones escritas a mano.\" title=\"Un hombre de cabello oscuro y traje aparece en primer plano, mientras que al fondo se observa una pizarra con anotaciones escritas a mano.\"><\/figure>\n<h2>El consumidor es soberano en el mercado<\/h2>\n<p>La econom\u00eda de mercado descrita por Menger y sus sucesores (Mises, Hayek, B\u00f6hm-Bawerk) se basa en el principio de soberan\u00eda del consumidor. <strong>En este sistema, los consumidores, a trav\u00e9s de sus decisiones de compra, determinan qu\u00e9 bienes se producen, en qu\u00e9 cantidad, con qu\u00e9 calidad y mediante qu\u00e9 m\u00e9todos.<\/strong>\u00a0 Los empresarios no son planificadores todopoderosos, sino intermediarios que arriesgan capital para satisfacer las necesidades del consumidor.<\/p>\n<p>En este marco, los precios funcionan como se\u00f1ales que transmiten informaci\u00f3n dispersa sobre valoraciones subjetivas. Cuando el precio de un bien aumenta, no es porque el empresario \u201cdecidi\u00f3\u201d cobrar m\u00e1s, sino porque el consumidor lo valora m\u00e1s que antes, o porque la cantidad disponible del bien se redujo y los consumidores est\u00e1n dispuestos a pagar m\u00e1s por obtenerlo. \u00a0<strong>Si ning\u00fan consumidor est\u00e1 dispuesto a pagar el nuevo precio, el bien no se vende. As\u00ed de simple.<\/strong><\/p>\n<figure><img decoding=\"async\" src=\"https:\/\/derechadiario.com.ar\/filesedc\/uploads\/image\/post\/austrians_1200_800.webp\" class=\"img-responsive lazyload\" alt=\"Seis retratos estilizados de economistas austriacos con frases asociadas a cada uno, acompa\u00f1ados de un texto vertical que dice \" economistas austriacos y la direcci web title=\"Seis retratos estilizados de economistas austriacos con frases asociadas a cada uno, acompa\u00f1ados de un texto vertical que dice \"><\/figure>\n<h2>Milei y la reivindicaci\u00f3n mengeriana<\/h2>\n<p>Javier Milei ha recuperado con fuerza estas ideas en su cruzada contra el estatismo y la inflaci\u00f3n estructural. \u00a0<strong>Su cr\u00edtica a la noci\u00f3n de que \u201clos empresarios suben los precios\u201d se apoya precisamente en la teor\u00eda del valor subjetivo y el principio de imputaci\u00f3n.<\/strong> Cuando afirma que \u201clos precios los determina el mercado\u201d o que \u201clos consumidores convalidan los precios\u201d, no hace m\u00e1s que aplicar la l\u00f3gica mengeriana al contexto argentino.<\/p>\n<div class=\"text-center\">\n<h3 class=\"dailyMotionTitle\">Milei sobre el principio de imputaci\u00f3n de Menger<\/h3>\n<aside>\n<figure class=\"op-interactive\"><\/figure>\n<\/aside>\n<\/div>\n<p>En una econom\u00eda con alta inflaci\u00f3n, la tentaci\u00f3n de culpar al comerciante o al supermercado por los aumentos de precios es alta. Sin embargo, d<strong>esde una perspectiva austr\u00edaca, la causa estructural de la inflaci\u00f3n es siempre monetaria, mientras que los precios relativos se ajustan en funci\u00f3n de las valoraciones subjetivas y las se\u00f1ales de escasez.<\/strong> Pretender controlar precios o regular m\u00e1rgenes sin atacar las causas monetarias solo genera desabastecimiento y distorsiones.<\/p>\n<aside class=\"whatsappChannelText\"><a href=\"https:\/\/whatsapp.com\/channel\/0029VagEjILGE56eKjedWF2U\" rel=\"nofollow\" title=\"WhatsApp Link\"><img alt=\"Logo de WhatsApp\" class=\"lazyload\" data-src=\"https:\/\/derechadiario.com.ar\/filesedc\/uploads\/other\/whatsapp_icon_mid_article.png\" width=\"32\" height=\"32\"><\/a> <a href=\"https:\/\/whatsapp.com\/channel\/0029VagEjILGE56eKjedWF2U\" rel=\"nofollow\" title=\"WhatsApp Link\"><strong>NO SE PIERDAN NINGUNA NOTICIA<\/strong>: Click aqu\u00ed para sumarte <strong>GRATIS<\/strong> al canal de noticias de <strong>La Derecha Diario en WhatsApp.<\/strong><\/a><\/aside>\n<p>Milei ha sido claro al se\u00f1alar que si un empresario intenta aumentar el precio de un bien, lo lograr\u00e1 solo si el consumidor est\u00e1 dispuesto a pagar m\u00e1s por \u00e9l. <strong>Si no, ese producto se quedar\u00e1 en la g\u00f3ndola. Y en ese caso, el empresario perder\u00e1. Es el consumidor quien tiene la \u00faltima palabra.<\/strong><\/p>\n","protected":false},"excerpt":{"rendered":"<p>En 1871, Carl Menger public\u00f3 Principios de Econom\u00eda Pol\u00edtica, obra que dio origen a la Escuela Austr\u00edaca y revolucion\u00f3 el pensamiento econ\u00f3mico cl\u00e1sico al sentar las bases de la teor\u00eda subjetiva del valor. Frente a las teor\u00edas objetivas predominantes \u2014como la del valor-trabajo de Ricardo y Marx\u2014, Menger introdujo un enfoque radicalmente distinto: el valor [&hellip;]<\/p>\n","protected":false},"author":2,"featured_media":2484,"comment_status":"open","ping_status":"open","sticky":false,"template":"","format":"standard","meta":{"_et_pb_use_builder":"","_et_pb_old_content":"","_et_gb_content_width":"","footnotes":""},"categories":[80],"tags":[],"class_list":["post-2483","post","type-post","status-publish","format-standard","has-post-thumbnail","hentry","category-economia-2"],"_links":{"self":[{"href":"https:\/\/verdadincomodadiario.ar\/index.php?rest_route=\/wp\/v2\/posts\/2483","targetHints":{"allow":["GET"]}}],"collection":[{"href":"https:\/\/verdadincomodadiario.ar\/index.php?rest_route=\/wp\/v2\/posts"}],"about":[{"href":"https:\/\/verdadincomodadiario.ar\/index.php?rest_route=\/wp\/v2\/types\/post"}],"author":[{"embeddable":true,"href":"https:\/\/verdadincomodadiario.ar\/index.php?rest_route=\/wp\/v2\/users\/2"}],"replies":[{"embeddable":true,"href":"https:\/\/verdadincomodadiario.ar\/index.php?rest_route=%2Fwp%2Fv2%2Fcomments&post=2483"}],"version-history":[{"count":0,"href":"https:\/\/verdadincomodadiario.ar\/index.php?rest_route=\/wp\/v2\/posts\/2483\/revisions"}],"wp:featuredmedia":[{"embeddable":true,"href":"https:\/\/verdadincomodadiario.ar\/index.php?rest_route=\/wp\/v2\/media\/2484"}],"wp:attachment":[{"href":"https:\/\/verdadincomodadiario.ar\/index.php?rest_route=%2Fwp%2Fv2%2Fmedia&parent=2483"}],"wp:term":[{"taxonomy":"category","embeddable":true,"href":"https:\/\/verdadincomodadiario.ar\/index.php?rest_route=%2Fwp%2Fv2%2Fcategories&post=2483"},{"taxonomy":"post_tag","embeddable":true,"href":"https:\/\/verdadincomodadiario.ar\/index.php?rest_route=%2Fwp%2Fv2%2Ftags&post=2483"}],"curies":[{"name":"wp","href":"https:\/\/api.w.org\/{rel}","templated":true}]}}