{"id":2479,"date":"2025-04-21T21:52:03","date_gmt":"2025-04-21T21:52:03","guid":{"rendered":"https:\/\/verdadincomodadiario.ar\/?p=2479"},"modified":"2025-04-21T21:52:03","modified_gmt":"2025-04-21T21:52:03","slug":"sin-intervencion-del-estado-empresas-dan-marcha-atras-en-aumentos-de-hasta-20","status":"publish","type":"post","link":"https:\/\/verdadincomodadiario.ar\/?p=2479","title":{"rendered":"Sin intervenci\u00f3n del Estado, empresas dan marcha atr\u00e1s en aumentos de hasta 20%"},"content":{"rendered":"<p>Esta semana, el ministro de Econom\u00eda, <strong>Luis &#8220;Toto&#8221; Caputo<\/strong>, se\u00f1al\u00f3 a\u00a0Molinos y Unilever por aplicar excesivos\u00a0<a href=\"https:\/\/derechadiario.com.ar\/economia\/milei-y-principio-imputacion-menger\" target=\"_blank\" title=\"Milei y el principio de imputaci\u00f3n de Menger\"><strong>aumentos de precios<\/strong><\/a> que oscilaron entre el <strong>7% y el 12%<\/strong> en supermercados. No obstante, estas compa\u00f1\u00edas no fueron las \u00fanicas en realizar incrementos.<\/p>\n<p>Sin embargo, tampoco estuvieron solas al momento de <a href=\"https:\/\/derechadiario.com.ar\/economia\/23-marcas-vehiculos-importados-no-aumentaran-sus-precios-tras-salida-del-cepo\" target=\"_blank\" title=\"23 marcas de veh\u00edculos importados no aumentar\u00e1n sus precios tras la salida del cepo\"><strong>dar marcha atr\u00e1s<\/strong><\/a>\u00a0con los aumentos, de manera natural y <strong>sin ning\u00fan tipo de intervenci\u00f3n por parte del Estado<\/strong>. Este comportamiento no se limit\u00f3 exclusivamente al sector alimenticio.<\/p>\n<p>La empresa de conservas AVA, responsable de las marcas Canale y Alco, comunic\u00f3 a sus clientes: &#8220;<strong>Apoyando y acompa\u00f1ando el proceso macroecon\u00f3mico que vive nuestro pa\u00eds,\u00a0retrotraemos hasta nuevo aviso\u00a0la vigencia de lista 58 con todos sus precios y bonificaciones<\/strong>&#8220;.<\/p>\n<div class=\"inter_image image_horizontal\">\n<picture><source class=\"img-responsive\" type=\"image\/webp\" data-srcset=\"\/filesedc\/uploads\/image\/post\/678bb4f4f00a8_300_200.webp 300w, \n\/filesedc\/uploads\/image\/post\/678bb4f4f00a8_630_420.webp 630w,\n                                \/filesedc\/uploads\/image\/post\/678bb4f4f00a8_760_507.webp 760w,\n                                \/filesedc\/uploads\/image\/post\/678bb4f4f00a8_1200_800.webp 1200w,\n                                \/filesedc\/uploads\/image\/post\/678bb4f4f00a8_1600_1067.webp 1600w\"><img decoding=\"async\" src=\"https:\/\/derechadiario.com.ar\/filesedc\/uploads\/image\/post\/678bb4f4f00a8_1200_800.webp\" class=\"img-responsive lazyload\" alt=\"Dos personas posando para una selfie en un interior.\" title=\"Dos personas posando para una selfie en un interior.\"><\/picture>\n<div>\n<span class=\"img_footer\">Javier Milei y Luis Caputo. <\/span>| <span class=\"img_author\">La Derecha Diario<\/span>\n<\/div>\n<\/div>\n<p>&#8220;<strong>Hubo\u00a0un sobregiro, una sobrerreacci\u00f3n de los proveedores<\/strong>&#8220;, se\u00f1al\u00f3 <strong>Juan Vasco Mart\u00ednez<\/strong>, director ejecutivo de la Asociaci\u00f3n de Supermercados Unidos (ASU), en declaraciones a Radio AM750. Mart\u00ednez tambi\u00e9n advirti\u00f3 que los supermercados m\u00e1s peque\u00f1os llegaron a recibir aumentos a\u00fan mayores, con subas del orden del <strong>20%<\/strong> a comienzos de semana.<\/p>\n<aside class=\"are-you-interested-container-photo\"><\/aside>\n<p>Tambi\u00e9n se observaron ajustes en el \u00e1mbito <strong>industrial<\/strong>. El lunes, varias empresas aplicaron fuertes subas que comenzaron a moderarse a medida que el d\u00f3lar descend\u00eda de los $1.230 del inicio de semana a los $1.160 con los que cerr\u00f3 el mi\u00e9rcoles.<\/p>\n<p>Un ejemplo es Mapsa, fabricante de bolsas pl\u00e1sticas y otros productos similares, que anunci\u00f3 un aumento del 20% durante la ma\u00f1ana del lunes, coincidiendo con la entrada en vigor de la nueva banda cambiaria entre $1.000 y $1.400.<\/p>\n<figure><img decoding=\"async\" src=\"https:\/\/derechadiario.com.ar\/filesedc\/uploads\/image\/post\/-1x-1-1739913552197_1200_800.webp\" class=\"img-responsive lazyload\" alt=\"Un hombre sonriente con el pu\u00f1o levantado en un evento en Nueva York.\" title=\"Un hombre sonriente con el pu\u00f1o levantado en un evento en Nueva York.\"><\/figure>\n<aside class=\"whatsappChannelText\"><a href=\"https:\/\/whatsapp.com\/channel\/0029VagEjILGE56eKjedWF2U\" rel=\"nofollow\" title=\"WhatsApp Link\"><img alt=\"Logo de WhatsApp\" class=\"lazyload\" data-src=\"https:\/\/derechadiario.com.ar\/filesedc\/uploads\/other\/whatsapp_icon_mid_article.png\" width=\"32\" height=\"32\"><\/a> <a href=\"https:\/\/whatsapp.com\/channel\/0029VagEjILGE56eKjedWF2U\" rel=\"nofollow\" title=\"WhatsApp Link\"><strong>NO SE PIERDAN NINGUNA NOTICIA<\/strong>: Click aqu\u00ed para sumarte <strong>GRATIS<\/strong> al canal de noticias de <strong>La Derecha Diario en WhatsApp.<\/strong><\/a><\/aside>\n<p>&#8220;<strong>Esta empresa tiene 48 a\u00f1os, vivimos todos los ministros de Econom\u00eda.\u00a0Nosotros nos cubrimos, nada m\u00e1s<\/strong>&#8220;, explic\u00f3 el CEO de Mapsa, <strong>Jos\u00e9 Summer Sasin<\/strong>, en di\u00e1logo con A24. Relat\u00f3 que la empresa mantuvo una reuni\u00f3n del directorio el lunes por la noche, donde se decidi\u00f3 reducir el aumento del 20% al 10%, entendiendo que se trataba de una baja pasajera.<\/p>\n<p>Sin embargo, aclararon que terminaron retrocediendo con todo el aumento. &#8220;<strong>Luego, el martes cuando vimos que ven\u00eda para quedarse la baja del d\u00f3lar,\u00a0resolvimos levantar directamente el aumento<\/strong>&#8220;, concluy\u00f3.<\/p>\n","protected":false},"excerpt":{"rendered":"<p>Esta semana, el ministro de Econom\u00eda, Luis &#8220;Toto&#8221; Caputo, se\u00f1al\u00f3 a\u00a0Molinos y Unilever por aplicar excesivos\u00a0aumentos de precios que oscilaron entre el 7% y el 12% en supermercados. No obstante, estas compa\u00f1\u00edas no fueron las \u00fanicas en realizar incrementos. Sin embargo, tampoco estuvieron solas al momento de dar marcha atr\u00e1s\u00a0con los aumentos, de manera natural [&hellip;]<\/p>\n","protected":false},"author":2,"featured_media":2480,"comment_status":"open","ping_status":"open","sticky":false,"template":"","format":"standard","meta":{"_et_pb_use_builder":"","_et_pb_old_content":"","_et_gb_content_width":"","footnotes":""},"categories":[80],"tags":[],"class_list":["post-2479","post","type-post","status-publish","format-standard","has-post-thumbnail","hentry","category-economia-2"],"_links":{"self":[{"href":"https:\/\/verdadincomodadiario.ar\/index.php?rest_route=\/wp\/v2\/posts\/2479","targetHints":{"allow":["GET"]}}],"collection":[{"href":"https:\/\/verdadincomodadiario.ar\/index.php?rest_route=\/wp\/v2\/posts"}],"about":[{"href":"https:\/\/verdadincomodadiario.ar\/index.php?rest_route=\/wp\/v2\/types\/post"}],"author":[{"embeddable":true,"href":"https:\/\/verdadincomodadiario.ar\/index.php?rest_route=\/wp\/v2\/users\/2"}],"replies":[{"embeddable":true,"href":"https:\/\/verdadincomodadiario.ar\/index.php?rest_route=%2Fwp%2Fv2%2Fcomments&post=2479"}],"version-history":[{"count":0,"href":"https:\/\/verdadincomodadiario.ar\/index.php?rest_route=\/wp\/v2\/posts\/2479\/revisions"}],"wp:featuredmedia":[{"embeddable":true,"href":"https:\/\/verdadincomodadiario.ar\/index.php?rest_route=\/wp\/v2\/media\/2480"}],"wp:attachment":[{"href":"https:\/\/verdadincomodadiario.ar\/index.php?rest_route=%2Fwp%2Fv2%2Fmedia&parent=2479"}],"wp:term":[{"taxonomy":"category","embeddable":true,"href":"https:\/\/verdadincomodadiario.ar\/index.php?rest_route=%2Fwp%2Fv2%2Fcategories&post=2479"},{"taxonomy":"post_tag","embeddable":true,"href":"https:\/\/verdadincomodadiario.ar\/index.php?rest_route=%2Fwp%2Fv2%2Ftags&post=2479"}],"curies":[{"name":"wp","href":"https:\/\/api.w.org\/{rel}","templated":true}]}}