{"id":2477,"date":"2025-04-21T21:52:04","date_gmt":"2025-04-21T21:52:04","guid":{"rendered":"https:\/\/verdadincomodadiario.ar\/?p=2477"},"modified":"2025-04-21T21:52:04","modified_gmt":"2025-04-21T21:52:04","slug":"el-plan-que-presento-ypf-para-exportar-40-000-millones-de-dolares-anuales","status":"publish","type":"post","link":"https:\/\/verdadincomodadiario.ar\/?p=2477","title":{"rendered":"El plan que present\u00f3 YPF para exportar 40.000 millones de d\u00f3lares anuales"},"content":{"rendered":"<p>El Investor Day rumbo a 2030 que\u00a0<a href=\"https:\/\/derechadiario.com.ar\/economia\/argentina-lng-ypf-y-eni-firman-memorando-clave-para-exportar-gas-vaca-muerta\" target=\"_blank\" title=\"Argentina LNG: YPF y Eni firman memorando clave para exportar gas de Vaca Muerta\"><strong>Horacio Mar\u00edn<\/strong><\/a>, el CEO de <a href=\"https:\/\/derechadiario.com.ar\/economia\/ypf-podria-bajar-precio-nafta-gracias-caida-del-petroleo\" target=\"_blank\" title=\"YPF podr\u00eda bajar el precio de la nafta, gracias a la ca\u00edda del petr\u00f3leo\"><strong>YPF<\/strong><\/a>,\u00a0present\u00f3 en Nueva York representa un quiebre trascendental, un hito que marca un antes y un despu\u00e9s no solo para la propia compa\u00f1\u00eda, sino para todo el sector de hidrocarburos en Argentina.<\/p>\n<p>El plan se estructura en torno a <strong>cuatro pilares<\/strong>, bajo la consigna del &#8220;<strong>4&#215;4<\/strong>&#8220;. El primero propone un modelo de gesti\u00f3n distinto, enfocado completamente en la <strong>eficiencia<\/strong> y con un <strong>fuerte componente tecnol\u00f3gico<\/strong>. Ya se est\u00e1n viendo resultados concretos gracias a herramientas como los Real Time Intelligence Centers aplicados tanto al upstream como al downstream.<\/p>\n<p>El segundo pilar, actualmente en ejecuci\u00f3n, apunta a concentrar las operaciones de YPF en los activos con mayor rentabilidad: <strong>Vaca Muerta<\/strong>. Esto implica una administraci\u00f3n activa del portafolio \u2014lo que permite la compra y venta de \u00e1reas shale\u2014 y un retiro progresivo de los yacimientos convencionales.<\/p>\n<p>Los otros dos ejes, si bien no figuran expl\u00edcitamente en los cuadros de Excel de la empresa, son <strong>estrat\u00e9gicos<\/strong>: las <strong>exportaciones de petr\u00f3leo y gas<\/strong>. En cuanto al petr\u00f3leo, ya est\u00e1 en marcha la construcci\u00f3n del megaproyecto <strong>Vaca Muerta Oil Sur<\/strong> (VMOS), que incluye un <strong>oleoducto<\/strong> y un <strong>puerto en R\u00edo Negro<\/strong>. Se espera que a fin de a\u00f1o comiencen a salir desde all\u00ed cargamentos en los buques <strong>m\u00e1s grandes del mundo<\/strong>.<\/p>\n<aside class=\"are-you-interested-container-photo\"><\/aside>\n<div class=\"inter_image image_horizontal\">\n<picture><source class=\"img-responsive\" type=\"image\/webp\" data-srcset=\"\/filesedc\/uploads\/image\/post\/ypf-vaca-muerta-1745162982495_300_200.webp 300w, \n\/filesedc\/uploads\/image\/post\/ypf-vaca-muerta-1745162982495_630_420.webp 630w,\n                                \/filesedc\/uploads\/image\/post\/ypf-vaca-muerta-1745162982495_760_507.webp 760w,\n                                \/filesedc\/uploads\/image\/post\/ypf-vaca-muerta-1745162982495_1200_800.webp 1200w,\n                                \/filesedc\/uploads\/image\/post\/ypf-vaca-muerta-1745162982495_1600_1067.webp 1600w\"><img decoding=\"async\" src=\"https:\/\/derechadiario.com.ar\/filesedc\/uploads\/image\/post\/ypf-vaca-muerta-1745162982495_1200_800.webp\" class=\"img-responsive lazyload\" alt=\"Dos trabajadores con uniformes de YPF y cascos observan maquinaria pesada en un sitio industrial.\" title=\"Dos trabajadores con uniformes de YPF y cascos observan maquinaria pesada en un sitio industrial.\"><\/picture>\n<div>\n<span class=\"img_footer\">Trabajadores de YPF. <\/span>| <span class=\"img_author\">La Derecha Diario<\/span>\n<\/div>\n<\/div>\n<p>En este sentido, YPF confirm\u00f3 que se alcanz\u00f3 un acuerdo con el gobierno de R\u00edo Negro, que hab\u00eda detenido la obra exigiendo una contribuci\u00f3n especial. Finalmente, se estableci\u00f3 un pago que podr\u00eda alcanzar los <strong>50 millones de d\u00f3lares<\/strong> en un plazo de 10 a\u00f1os.<\/p>\n<p>El cuarto eje, el m\u00e1s relevante en t\u00e9rminos econ\u00f3micos, es el <strong>Gas Natural Licuado<\/strong> (GNL). YPF calcula que, a partir de 2030, este sector generar\u00e1 junto a sus socios <strong>exportaciones<\/strong> por unos <strong>40.000 millones de d\u00f3lares anuales<\/strong>. El proyecto Argentina LNG avanza a paso firme y contempla tres fases.<\/p>\n<p>La etapa inicial est\u00e1 siendo ejecutada por Southern Energy, una alianza entre productoras de gas argentinas, nacida de la asociaci\u00f3n entre Pan American Energy (PAE) y la noruega Golar.<\/p>\n<p>La iniciativa prev\u00e9 la instalaci\u00f3n de dos buques licuefactores en la costa de R\u00edo Negro, en la zona de Fuerte Argentino \u2014al sur de Las Grutas\u2014, con capacidad para exportar hasta 6 millones de toneladas m\u00e9tricas anuales (MTPA) de GNL.<\/p>\n<figure><img decoding=\"async\" src=\"https:\/\/derechadiario.com.ar\/filesedc\/uploads\/image\/post\/20230730-ypf-00_1200_800.webp\" class=\"img-responsive lazyload\" alt=\"Trabajadora de YPF con casco y equipo de seguridad en un campo petrolero.\" title=\"Trabajadora de YPF con casco y equipo de seguridad en un campo petrolero.\"><\/figure>\n<h2>Las palabras de Horacio Mar\u00edn<\/h2>\n<p>&#8220;Todo lo que son servicios y materiales hay que pensarlos, ver la arena, las rutas que es algo que impulsa el gobernador de Neuqu\u00e9n y (el titular de Petroleros Privados, Marcelo) Rucci que siempre me ha dicho que falta infraestructura. Todas esas cosas hay que pensarlas, y no pod\u00e9s esperar que las haga el Estado&#8221;, se\u00f1al\u00f3 Mar\u00edn.<\/p>\n<aside class=\"whatsappChannelText\"><a href=\"https:\/\/whatsapp.com\/channel\/0029VagEjILGE56eKjedWF2U\" rel=\"nofollow\" title=\"WhatsApp Link\"><img alt=\"Logo de WhatsApp\" class=\"lazyload\" data-src=\"https:\/\/derechadiario.com.ar\/filesedc\/uploads\/other\/whatsapp_icon_mid_article.png\" width=\"32\" height=\"32\"><\/a> <a href=\"https:\/\/whatsapp.com\/channel\/0029VagEjILGE56eKjedWF2U\" rel=\"nofollow\" title=\"WhatsApp Link\"><strong>NO SE PIERDAN NINGUNA NOTICIA<\/strong>: Click aqu\u00ed para sumarte <strong>GRATIS<\/strong> al canal de noticias de <strong>La Derecha Diario en WhatsApp.<\/strong><\/a><\/aside>\n<p>En ese sentido, remarc\u00f3: &#8220;es un error espera al Estado porque el que tiene el empuje y los medios para hacerlo y el capital son las empresas&#8221;.<\/p>\n<p>El CEO de YPF hizo hincapi\u00e9 en que &#8220;este es el gran trabajo que se viene y el m\u00e1s dif\u00edcil. Porque el Instituto Vaca Muerta para m\u00ed es incre\u00edble que no lo hayan firmado las empresas porque no cuesta nada, y no puedo creer que cuando despu\u00e9s hablan de seguridad dilaten la entrada&#8221;.<\/p>\n<p>Marin destac\u00f3 que &#8220;si ves hoy lo que gastamos la industria en combis, hice la cuenta y no estoy loco. Hay que analizarlo, en una actividad que se va a ir a doble o m\u00e1s, si no es mejor hacer un tren de pasajeros y bajar la carga en las rutas&#8221;.<\/p>\n<p>Con una meta de expansi\u00f3n ambiciosa por delante, Marin subray\u00f3 que &#8220;esta es la parte m\u00e1s dif\u00edcil porque no depende de la decisi\u00f3n de una sola compa\u00f1\u00eda, sino que lo tenemos que hacer entre todos los que tenemos activos en Vaca Muerta, m\u00e1s los gobierno provinciales y con el apoyo de los gremios. Es la parte m\u00e1s dif\u00edcil porque tenemos que trabajar entre pares sin un l\u00edder que decida, pero soy positivo que se va a lograr&#8221;.<\/p>\n","protected":false},"excerpt":{"rendered":"<p>El Investor Day rumbo a 2030 que\u00a0Horacio Mar\u00edn, el CEO de YPF,\u00a0present\u00f3 en Nueva York representa un quiebre trascendental, un hito que marca un antes y un despu\u00e9s no solo para la propia compa\u00f1\u00eda, sino para todo el sector de hidrocarburos en Argentina. El plan se estructura en torno a cuatro pilares, bajo la consigna [&hellip;]<\/p>\n","protected":false},"author":2,"featured_media":2478,"comment_status":"open","ping_status":"open","sticky":false,"template":"","format":"standard","meta":{"_et_pb_use_builder":"","_et_pb_old_content":"","_et_gb_content_width":"","footnotes":""},"categories":[80],"tags":[],"class_list":["post-2477","post","type-post","status-publish","format-standard","has-post-thumbnail","hentry","category-economia-2"],"_links":{"self":[{"href":"https:\/\/verdadincomodadiario.ar\/index.php?rest_route=\/wp\/v2\/posts\/2477","targetHints":{"allow":["GET"]}}],"collection":[{"href":"https:\/\/verdadincomodadiario.ar\/index.php?rest_route=\/wp\/v2\/posts"}],"about":[{"href":"https:\/\/verdadincomodadiario.ar\/index.php?rest_route=\/wp\/v2\/types\/post"}],"author":[{"embeddable":true,"href":"https:\/\/verdadincomodadiario.ar\/index.php?rest_route=\/wp\/v2\/users\/2"}],"replies":[{"embeddable":true,"href":"https:\/\/verdadincomodadiario.ar\/index.php?rest_route=%2Fwp%2Fv2%2Fcomments&post=2477"}],"version-history":[{"count":0,"href":"https:\/\/verdadincomodadiario.ar\/index.php?rest_route=\/wp\/v2\/posts\/2477\/revisions"}],"wp:featuredmedia":[{"embeddable":true,"href":"https:\/\/verdadincomodadiario.ar\/index.php?rest_route=\/wp\/v2\/media\/2478"}],"wp:attachment":[{"href":"https:\/\/verdadincomodadiario.ar\/index.php?rest_route=%2Fwp%2Fv2%2Fmedia&parent=2477"}],"wp:term":[{"taxonomy":"category","embeddable":true,"href":"https:\/\/verdadincomodadiario.ar\/index.php?rest_route=%2Fwp%2Fv2%2Fcategories&post=2477"},{"taxonomy":"post_tag","embeddable":true,"href":"https:\/\/verdadincomodadiario.ar\/index.php?rest_route=%2Fwp%2Fv2%2Ftags&post=2477"}],"curies":[{"name":"wp","href":"https:\/\/api.w.org\/{rel}","templated":true}]}}