{"id":2471,"date":"2025-04-21T21:52:07","date_gmt":"2025-04-21T21:52:07","guid":{"rendered":"https:\/\/verdadincomodadiario.ar\/?p=2471"},"modified":"2025-04-21T21:52:07","modified_gmt":"2025-04-21T21:52:07","slug":"milei-tenia-razon-el-dolar-oficial-cotiza-casi-igual-que-antes-de-la-salida-del-cepo","status":"publish","type":"post","link":"https:\/\/verdadincomodadiario.ar\/?p=2471","title":{"rendered":"Milei ten\u00eda raz\u00f3n: El d\u00f3lar oficial cotiza casi igual que antes de la salida del cepo"},"content":{"rendered":"<p>En una tendencia que hab\u00eda sido anticipada por el Gobierno de <strong>Javier Milei<\/strong>, el d\u00f3lar oficial, ahora <a href=\"https:\/\/derechadiario.com.ar\/economia\/23-marcas-vehiculos-importados-no-aumentaran-sus-precios-tras-salida-del-cepo\" target=\"_blank\" title=\"23 marcas de veh\u00edculos importados no aumentar\u00e1n sus precios tras la salida del cepo\"><strong>sin cepo cambiario<\/strong><\/a>,\u00a0contin\u00faa su notable ca\u00edda y este lunes alcanz\u00f3 un valor <strong>pr\u00e1cticamente id\u00e9ntico al que ten\u00eda antes de la salida del cepo<\/strong>.<\/p>\n<p>Pasado el mediod\u00eda, la cotizaci\u00f3n en el Banco Naci\u00f3n marcaba <strong>$1.110 para la venta<\/strong>, apenas <strong>3 pesos<\/strong> por encima de los <strong>$1108<\/strong>\u00a0registrados antes de las nuevas <a href=\"https:\/\/derechadiario.com.ar\/economia\/sin-intervencion-del-estado-empresas-dan-marcha-atras-aumentos-hasta-20\" target=\"_blank\" title=\"Sin intervenci\u00f3n del Estado, empresas dan marcha atr\u00e1s en aumentos de hasta 20%\">medidas cambiarias<\/a>.<\/p>\n<p>El descenso de este lunes representa la segunda baja consecutiva del tipo de cambio oficial, en una semana anterior que ya hab\u00eda mostrado signos de <strong>fuerte retroceso<\/strong>. El lunes pasado, el d\u00f3lar hab\u00eda tocado un pico de <strong>$1.233<\/strong>, lo que significa que en apenas una semana la divisa se redujo en <strong>$123<\/strong>.<\/p>\n<div class=\"inter_image image_horizontal\">\n<picture><source class=\"img-responsive\" type=\"image\/webp\" data-srcset=\"\/filesedc\/uploads\/image\/post\/a8b20c9684df5822fd9a910b6528acd4--800x578_300_200.webp 300w, \n\/filesedc\/uploads\/image\/post\/a8b20c9684df5822fd9a910b6528acd4--800x578_630_420.webp 630w,\n                                \/filesedc\/uploads\/image\/post\/a8b20c9684df5822fd9a910b6528acd4--800x578_760_507.webp 760w,\n                                \/filesedc\/uploads\/image\/post\/a8b20c9684df5822fd9a910b6528acd4--800x578_1200_800.webp 1200w,\n                                \/filesedc\/uploads\/image\/post\/a8b20c9684df5822fd9a910b6528acd4--800x578_1600_1067.webp 1600w\"><img decoding=\"async\" src=\"https:\/\/derechadiario.com.ar\/filesedc\/uploads\/image\/post\/a8b20c9684df5822fd9a910b6528acd4--800x578_1200_800.webp\" class=\"img-responsive lazyload\" alt=\"Un hombre con gafas y traje oscuro est\u00e1 sentado frente a una computadora port\u00e1til en una sala con cortinas doradas y una bandera argentina.\" title=\"Un hombre con gafas y traje oscuro est\u00e1 sentado frente a una computadora port\u00e1til en una sala con cortinas doradas y una bandera argentina.\"><\/picture>\n<div>\n<span class=\"img_footer\">Javier Milei, presidente de Argentina. <\/span>| <span class=\"img_author\">La Derecha Diario<\/span>\n<\/div>\n<\/div>\n<p>El dato fue celebrado por el ministro de Econom\u00eda, <strong>Luis &#8220;Toto&#8221; Caputo<\/strong>, quien utiliz\u00f3 su cuenta en la red social X para destacar el comportamiento del mercado. &#8220;<strong>D\u00f3lar en 1065 en este momento, por debajo del d\u00f3lar oficial, previo a la salida del cepo. Habr\u00eda que esperar una catarata de colegas y periodistas pidiendo disculpas por decirle a la gente que hab\u00edamos devaluado, pero seguramente no va a suceder<\/strong>&#8220;, ironiz\u00f3. Y agreg\u00f3: &#8220;Una vez m\u00e1s, hicimos lo que dijimos que \u00edbamos a hacer, y pas\u00f3 lo que dijimos que iba a pasar&#8221;.<\/p>\n<aside class=\"are-you-interested-container-photo\"><\/aside>\n<p>Seg\u00fan datos publicados por el Banco Central, el 11 de abril, \u00faltimo d\u00eda de operaciones con cepo, el d\u00f3lar oficial para la compra cerr\u00f3 en <strong>$1.107,9<\/strong>, lo que implica apenas <strong>2,1 pesos<\/strong> de diferencia con la cotizaci\u00f3n actual.<\/p>\n<figure><img decoding=\"async\" src=\"https:\/\/derechadiario.com.ar\/filesedc\/uploads\/image\/post\/-1x-1-1739913552197_1200_800.webp\" class=\"img-responsive lazyload\" alt=\"Un hombre sonriente con el pu\u00f1o levantado en un evento en Nueva York.\" title=\"Un hombre sonriente con el pu\u00f1o levantado en un evento en Nueva York.\"><\/figure>\n<aside class=\"whatsappChannelText\"><a href=\"https:\/\/whatsapp.com\/channel\/0029VagEjILGE56eKjedWF2U\" rel=\"nofollow\" title=\"WhatsApp Link\"><img alt=\"Logo de WhatsApp\" class=\"lazyload\" data-src=\"https:\/\/derechadiario.com.ar\/filesedc\/uploads\/other\/whatsapp_icon_mid_article.png\" width=\"32\" height=\"32\"><\/a> <a href=\"https:\/\/whatsapp.com\/channel\/0029VagEjILGE56eKjedWF2U\" rel=\"nofollow\" title=\"WhatsApp Link\"><strong>NO SE PIERDAN NINGUNA NOTICIA<\/strong>: Click aqu\u00ed para sumarte <strong>GRATIS<\/strong> al canal de noticias de <strong>La Derecha Diario en WhatsApp.<\/strong><\/a><\/aside>\n<h2>Tambi\u00e9n baja el d\u00f3lar blue<\/h2>\n<p>El retroceso del d\u00f3lar no se limit\u00f3 al mercado oficial. En el segmento informal, el\u00a0<strong>d\u00f3lar blue<\/strong>\u00a0tambi\u00e9n present\u00f3 una <strong>baja significativa<\/strong>. Este lunes se negociaba a <strong>$1.130<\/strong> para la compra y <strong>$1.160<\/strong> para la venta. La semana pasada, el billete paralelo ya hab\u00eda retrocedido unos <strong>$120<\/strong>, y ahora suma una <strong>baja adicional de $90<\/strong>.<\/p>\n<p>En tanto, en el mercado mayorista, el d\u00f3lar cotizaba a $1.073, lo que representa una ca\u00edda de $65 (5,5%) en comparaci\u00f3n con el cierre del mi\u00e9rcoles anterior. Estos movimientos confirman una <strong>apreciaci\u00f3n del peso<\/strong> en los diferentes segmentos cambiarios, en un contexto de <strong>mayor estabilidad<\/strong> y <strong>confianza<\/strong> en el plan econ\u00f3mico del presidente <strong>Javier Milei<\/strong>.<\/p>\n","protected":false},"excerpt":{"rendered":"<p>En una tendencia que hab\u00eda sido anticipada por el Gobierno de Javier Milei, el d\u00f3lar oficial, ahora sin cepo cambiario,\u00a0contin\u00faa su notable ca\u00edda y este lunes alcanz\u00f3 un valor pr\u00e1cticamente id\u00e9ntico al que ten\u00eda antes de la salida del cepo. Pasado el mediod\u00eda, la cotizaci\u00f3n en el Banco Naci\u00f3n marcaba $1.110 para la venta, apenas [&hellip;]<\/p>\n","protected":false},"author":2,"featured_media":2472,"comment_status":"open","ping_status":"open","sticky":false,"template":"","format":"standard","meta":{"_et_pb_use_builder":"","_et_pb_old_content":"","_et_gb_content_width":"","footnotes":""},"categories":[80],"tags":[],"class_list":["post-2471","post","type-post","status-publish","format-standard","has-post-thumbnail","hentry","category-economia-2"],"_links":{"self":[{"href":"https:\/\/verdadincomodadiario.ar\/index.php?rest_route=\/wp\/v2\/posts\/2471","targetHints":{"allow":["GET"]}}],"collection":[{"href":"https:\/\/verdadincomodadiario.ar\/index.php?rest_route=\/wp\/v2\/posts"}],"about":[{"href":"https:\/\/verdadincomodadiario.ar\/index.php?rest_route=\/wp\/v2\/types\/post"}],"author":[{"embeddable":true,"href":"https:\/\/verdadincomodadiario.ar\/index.php?rest_route=\/wp\/v2\/users\/2"}],"replies":[{"embeddable":true,"href":"https:\/\/verdadincomodadiario.ar\/index.php?rest_route=%2Fwp%2Fv2%2Fcomments&post=2471"}],"version-history":[{"count":0,"href":"https:\/\/verdadincomodadiario.ar\/index.php?rest_route=\/wp\/v2\/posts\/2471\/revisions"}],"wp:featuredmedia":[{"embeddable":true,"href":"https:\/\/verdadincomodadiario.ar\/index.php?rest_route=\/wp\/v2\/media\/2472"}],"wp:attachment":[{"href":"https:\/\/verdadincomodadiario.ar\/index.php?rest_route=%2Fwp%2Fv2%2Fmedia&parent=2471"}],"wp:term":[{"taxonomy":"category","embeddable":true,"href":"https:\/\/verdadincomodadiario.ar\/index.php?rest_route=%2Fwp%2Fv2%2Fcategories&post=2471"},{"taxonomy":"post_tag","embeddable":true,"href":"https:\/\/verdadincomodadiario.ar\/index.php?rest_route=%2Fwp%2Fv2%2Ftags&post=2471"}],"curies":[{"name":"wp","href":"https:\/\/api.w.org\/{rel}","templated":true}]}}