{"id":2469,"date":"2025-04-21T21:52:08","date_gmt":"2025-04-21T21:52:08","guid":{"rendered":"https:\/\/verdadincomodadiario.ar\/?p=2469"},"modified":"2025-04-21T21:52:08","modified_gmt":"2025-04-21T21:52:08","slug":"el-dolar-sube-para-abajo-y-deja-como-mandriles-a-los-econochantas","status":"publish","type":"post","link":"https:\/\/verdadincomodadiario.ar\/?p=2469","title":{"rendered":"El d\u00f3lar &#8216;sube para abajo&#8217; y deja como mandriles a los econochantas"},"content":{"rendered":"<p>En una jugada que pocos esperaban, aunque <strong>hab\u00eda sido anticipada<\/strong> por el Gobierno de <a href=\"https:\/\/derechadiario.com.ar\/politica\/del-alarmismo-rendicion-como-milei-desarmo-sus-criticos-internacionales\" target=\"_blank\" title=\"Del alarmismo a la rendici\u00f3n: c\u00f3mo Milei desarm\u00f3 a sus cr\u00edticos internacionales\"><strong>Javier Milei<\/strong><\/a>, el d\u00f3lar oficial <strong>no para de bajar<\/strong> y ya se encuentra pr\u00e1cticamente en los mismos valores que ten\u00eda antes de la <a href=\"https:\/\/derechadiario.com.ar\/economia\/milei-tenia-razon-dolar-oficial-cotiza-casi-igual-que-antes-salida-del-cepo\" target=\"_blank\" title=\"Milei ten\u00eda raz\u00f3n: El d\u00f3lar oficial cotiza casi igual que antes de la salida del cepo\">salida del cepo<\/a>.<\/p>\n<p>Este lunes 21 de abril, la cotizaci\u00f3n en el Banco Naci\u00f3n se ubicaba en <strong>$1.110 para la venta<\/strong>, apenas 2 pesos por encima de los <strong>$1.108<\/strong>\u00a0que marcaba antes de la apertura del mercado cambiario.<\/p>\n<p>Lejos de los <strong>pron\u00f3sticos catastr\u00f3ficos<\/strong> que circularon durante semanas, tanto desde sectores pol\u00edticos como medi\u00e1ticos, la divisa norteamericana comenz\u00f3 una <strong>tendencia bajista<\/strong> que sorprendi\u00f3 a todos. El lunes pasado, el d\u00f3lar oficial hab\u00eda alcanzado un pico de $1.233, pero desde entonces acumul\u00f3 una baja de $123, desinflando as\u00ed las expectativas de una supuesta &#8220;<strong>devaluaci\u00f3n<\/strong>&#8221; que agitaban algunos &#8220;<strong>econochantas<\/strong>&#8221; y opinadores profesionales.<\/p>\n<div class=\"inter_image image_horizontal\">\n<picture><source class=\"img-responsive\" type=\"image\/webp\" data-srcset=\"\/filesedc\/uploads\/image\/post\/argentinepeso1_300_200.webp 300w, \n\/filesedc\/uploads\/image\/post\/argentinepeso1_630_420.webp 630w,\n                                \/filesedc\/uploads\/image\/post\/argentinepeso1_760_507.webp 760w,\n                                \/filesedc\/uploads\/image\/post\/argentinepeso1_1200_800.webp 1200w,\n                                \/filesedc\/uploads\/image\/post\/argentinepeso1_1600_1067.webp 1600w\"><img decoding=\"async\" src=\"https:\/\/derechadiario.com.ar\/filesedc\/uploads\/image\/post\/argentinepeso1_1200_800.webp\" class=\"img-responsive lazyload\" alt=\"Un hombre con una banda presidencial argentina est\u00e1 superpuesto sobre billetes de 20,000 y 10,000 pesos argentinos, una moneda de un peso y gr\u00e1ficos financieros.\" title=\"Un hombre con una banda presidencial argentina est\u00e1 superpuesto sobre billetes de 20,000 y 10,000 pesos argentinos, una moneda de un peso y gr\u00e1ficos financieros.\"><\/picture>\n<div>\n<span class=\"img_footer\">Javier Milei, presidente de Argentina. <\/span>| <span class=\"img_author\">La Derecha Diario<\/span>\n<\/div>\n<\/div>\n<p>El ministro de Econom\u00eda, <strong>Luis &#8220;Toto&#8221;\u00a0Caputo<\/strong>, fue uno de los primeros en salir a celebrar esta ca\u00edda y criticar a los mandriles que intentaron desestabilizar el plan econ\u00f3mico. A trav\u00e9s de su cuenta en la red social X, escribi\u00f3: &#8220;<strong>D\u00f3lar en 1065 en este momento, por debajo del d\u00f3lar oficial, previo a la salida del cepo<\/strong>&#8220;, y agreg\u00f3: &#8220;<strong>Una vez m\u00e1s, hicimos lo que dijimos que \u00edbamos a hacer, y pas\u00f3 lo que dijimos que iba a pasar<\/strong>&#8220;.<\/p>\n<aside class=\"are-you-interested-container-photo\"><\/aside>\n<p>Respecto a los delirantes pron\u00f3sticos realizados por parte de los economistas de numerosos sectores pol\u00edticos, que afirmaron la existencia de una fuerte &#8220;<strong>devaluaci\u00f3n<\/strong>&#8220;, Caputo los cruz\u00f3: &#8220;<strong>Habr\u00eda que esperar una catarata de colegas y periodistas pidiendo disculpas por decirle a la gente que hab\u00edamos devaluado, pero seguramente no va a suceder<\/strong>&#8220;.<\/p>\n<p>La referencia no fue casual. Durante semanas, distintos analistas y autoproclamados expertos auguraban una corrida cambiaria sin precedentes, con un d\u00f3lar que, seg\u00fan ellos, iba a dispararse hasta los $1.400 o m\u00e1s. Sin embargo, la realidad les dio un cachetazo: la combinaci\u00f3n de <strong>disciplina fiscal<\/strong>, <strong>super\u00e1vit financiero<\/strong>\u00a0y <strong>emisi\u00f3n cero<\/strong>\u00a0terminaron\u00a0generando el efecto inverso.<\/p>\n<aside class=\"whatsappChannelText\"><a href=\"https:\/\/whatsapp.com\/channel\/0029VagEjILGE56eKjedWF2U\" rel=\"nofollow\" title=\"WhatsApp Link\"><img alt=\"Logo de WhatsApp\" class=\"lazyload\" data-src=\"https:\/\/derechadiario.com.ar\/filesedc\/uploads\/other\/whatsapp_icon_mid_article.png\" width=\"32\" height=\"32\"><\/a> <a href=\"https:\/\/whatsapp.com\/channel\/0029VagEjILGE56eKjedWF2U\" rel=\"nofollow\" title=\"WhatsApp Link\"><strong>NO SE PIERDAN NINGUNA NOTICIA<\/strong>: Click aqu\u00ed para sumarte <strong>GRATIS<\/strong> al canal de noticias de <strong>La Derecha Diario en WhatsApp.<\/strong><\/a><\/aside>\n<figure><img decoding=\"async\" src=\"https:\/\/derechadiario.com.ar\/filesedc\/uploads\/image\/post\/-1x-1-1739913552197_1200_800.webp\" class=\"img-responsive lazyload\" alt=\"Un hombre sonriente con el pu\u00f1o levantado en un evento en Nueva York.\" title=\"Un hombre sonriente con el pu\u00f1o levantado en un evento en Nueva York.\"><\/figure>\n<p>Y es en ese contexto donde aparece el apodo que el propio presidente Milei populariz\u00f3: los &#8220;<strong>econochantas<\/strong>&#8220;. As\u00ed califica a aquellos economistas que, m\u00e1s interesados en <strong>instalar miedo<\/strong> o <strong>defender intereses particulares<\/strong>, pronosticaban lo que nunca sucedi\u00f3.<\/p>\n<p>Pero no fueron solo los economistas. Numerosos periodistas &#8220;<strong>especializados<\/strong>&#8221; tambi\u00e9n quedaron en offside, multiplicando an\u00e1lisis catastrofistas que hoy, con los n\u00fameros sobre la mesa, se desmoronan. El mercado informal tambi\u00e9n reflej\u00f3 esta tendencia: el d\u00f3lar blue baj\u00f3 a $1.155, acumulando una <strong>ca\u00edda superior a los $200<\/strong> en los \u00faltimos d\u00edas.<\/p>\n<p>Hoy, el exitoso plan econ\u00f3mico del Gobierno de Milei demostr\u00f3 que el d\u00f3lar no solo no explot\u00f3, sino que &#8220;<strong>sube para abajo<\/strong>&#8220;, como ironizan desde el oficialismo. Y los que anticipaban el apocalipsis, <strong>quedaron en rid\u00edculo una vez m\u00e1s<\/strong>.<\/p>\n","protected":false},"excerpt":{"rendered":"<p>En una jugada que pocos esperaban, aunque hab\u00eda sido anticipada por el Gobierno de Javier Milei, el d\u00f3lar oficial no para de bajar y ya se encuentra pr\u00e1cticamente en los mismos valores que ten\u00eda antes de la salida del cepo. Este lunes 21 de abril, la cotizaci\u00f3n en el Banco Naci\u00f3n se ubicaba en $1.110 [&hellip;]<\/p>\n","protected":false},"author":2,"featured_media":2470,"comment_status":"open","ping_status":"open","sticky":false,"template":"","format":"standard","meta":{"_et_pb_use_builder":"","_et_pb_old_content":"","_et_gb_content_width":"","footnotes":""},"categories":[80],"tags":[],"class_list":["post-2469","post","type-post","status-publish","format-standard","has-post-thumbnail","hentry","category-economia-2"],"_links":{"self":[{"href":"https:\/\/verdadincomodadiario.ar\/index.php?rest_route=\/wp\/v2\/posts\/2469","targetHints":{"allow":["GET"]}}],"collection":[{"href":"https:\/\/verdadincomodadiario.ar\/index.php?rest_route=\/wp\/v2\/posts"}],"about":[{"href":"https:\/\/verdadincomodadiario.ar\/index.php?rest_route=\/wp\/v2\/types\/post"}],"author":[{"embeddable":true,"href":"https:\/\/verdadincomodadiario.ar\/index.php?rest_route=\/wp\/v2\/users\/2"}],"replies":[{"embeddable":true,"href":"https:\/\/verdadincomodadiario.ar\/index.php?rest_route=%2Fwp%2Fv2%2Fcomments&post=2469"}],"version-history":[{"count":0,"href":"https:\/\/verdadincomodadiario.ar\/index.php?rest_route=\/wp\/v2\/posts\/2469\/revisions"}],"wp:featuredmedia":[{"embeddable":true,"href":"https:\/\/verdadincomodadiario.ar\/index.php?rest_route=\/wp\/v2\/media\/2470"}],"wp:attachment":[{"href":"https:\/\/verdadincomodadiario.ar\/index.php?rest_route=%2Fwp%2Fv2%2Fmedia&parent=2469"}],"wp:term":[{"taxonomy":"category","embeddable":true,"href":"https:\/\/verdadincomodadiario.ar\/index.php?rest_route=%2Fwp%2Fv2%2Fcategories&post=2469"},{"taxonomy":"post_tag","embeddable":true,"href":"https:\/\/verdadincomodadiario.ar\/index.php?rest_route=%2Fwp%2Fv2%2Ftags&post=2469"}],"curies":[{"name":"wp","href":"https:\/\/api.w.org\/{rel}","templated":true}]}}