{"id":2467,"date":"2025-04-21T21:52:09","date_gmt":"2025-04-21T21:52:09","guid":{"rendered":"https:\/\/verdadincomodadiario.ar\/?p=2467"},"modified":"2025-04-21T21:52:09","modified_gmt":"2025-04-21T21:52:09","slug":"el-banco-central-ya-ofrece-comprar-dolares-a-una-cotizacion-de-1000","status":"publish","type":"post","link":"https:\/\/verdadincomodadiario.ar\/?p=2467","title":{"rendered":"El Banco Central ya ofrece comprar d\u00f3lares a una cotizaci\u00f3n de $1000"},"content":{"rendered":"<p>El <strong>Banco Central<\/strong> se prepara para comprar d\u00f3lares a una <strong>cotizaci\u00f3n de $1000<\/strong>. Mientras el Gobierno de <a href=\"https:\/\/derechadiario.com.ar\/economia\/dolar-sube-para-abajo-y-deja-como-mandriles-los-econochantas\" target=\"_blank\" title=\"El d\u00f3lar 'sube para abajo' y deja como mandriles a los econochantas\"><strong>Javier Milei<\/strong><\/a>\u00a0destaca la ca\u00edda del <a href=\"https:\/\/derechadiario.com.ar\/economia\/milei-tenia-razon-dolar-oficial-cotiza-casi-igual-que-antes-salida-del-cepo\" target=\"_blank\" title=\"Milei ten\u00eda raz\u00f3n: El d\u00f3lar oficial cotiza casi igual que antes de la salida del cepo\">tipo de cambio oficial<\/a>, la entidad dirigida por <strong>Santiago Bausili<\/strong> formaliz\u00f3 su intenci\u00f3n de compra en el mercado financiero a ese valor.<\/p>\n<p>As\u00ed lo se\u00f1alaron operadores del mercado, quienes detectaron la colocaci\u00f3n de una orden de compra (bid) por parte del BCRA, lo cual refuerza la postura del equipo econ\u00f3mico: s\u00f3lo se retomar\u00e1n las compras de divisas cuando el tipo de cambio mayorista toque el piso de la banda establecida.<\/p>\n<p>&#8220;<strong>El BCRA ya puso el bid en 1000<\/strong>&#8220;, public\u00f3 este lunes el economista <strong>Gabriel Caama\u00f1o<\/strong>, titular de la consultora Outlier, a trav\u00e9s de su cuenta en X.\u00a0De acuerdo con fuentes del mercado, la orden fue por hasta <strong>500 millones de d\u00f3lares<\/strong>.<\/p>\n<div class=\"inter_image image_horizontal\">\n<picture><source class=\"img-responsive\" type=\"image\/webp\" data-srcset=\"\/filesedc\/uploads\/image\/post\/-1x-1-1739913552197_300_200.webp 300w, \n\/filesedc\/uploads\/image\/post\/-1x-1-1739913552197_630_420.webp 630w,\n                                \/filesedc\/uploads\/image\/post\/-1x-1-1739913552197_760_507.webp 760w,\n                                \/filesedc\/uploads\/image\/post\/-1x-1-1739913552197_1200_800.webp 1200w,\n                                \/filesedc\/uploads\/image\/post\/-1x-1-1739913552197_1600_1067.webp 1600w\"><img decoding=\"async\" src=\"https:\/\/derechadiario.com.ar\/filesedc\/uploads\/image\/post\/-1x-1-1739913552197_1200_800.webp\" class=\"img-responsive lazyload\" alt=\"Un hombre sonriente con el pu\u00f1o levantado en un evento en Nueva York.\" title=\"Un hombre sonriente con el pu\u00f1o levantado en un evento en Nueva York.\"><\/picture>\n<div>\n<span class=\"img_footer\">Javier Milei, presidente de Argentina. <\/span>| <span class=\"img_author\">La Derecha Diario<\/span>\n<\/div>\n<\/div>\n<p>Con esta medida, la autoridad monetaria ratifica lo expresado por el presidente Javier Milei y el ministro de Econom\u00eda, <strong>Luis &#8220;Toto&#8221; Caputo<\/strong>, tras el levantamiento del cepo: el Central no intervendr\u00e1 en la compra de reservas mientras la cotizaci\u00f3n se mantenga dentro de la banda de flotaci\u00f3n establecida entre <strong>$1000 y $1400<\/strong>. El objetivo oficial es que el precio de la divisa converja hacia el l\u00edmite inferior de ese rango.<\/p>\n<aside class=\"are-you-interested-container-photo\"><\/aside>\n<p>En la primera jornada de la semana, el tipo de cambio oficial <strong>retrocede un 6,4%<\/strong> y se posiciona en <strong>$1108<\/strong>, similar al valor previo a la apertura del cepo. Al mismo tiempo, el d\u00f3lar MEP cotiza a $1093 (con una baja del 6%) y el contado con liquidaci\u00f3n (CCL) se ubica en $1102.<\/p>\n<aside class=\"whatsappChannelText\"><a href=\"https:\/\/whatsapp.com\/channel\/0029VagEjILGE56eKjedWF2U\" rel=\"nofollow\" title=\"WhatsApp Link\"><img alt=\"Logo de WhatsApp\" class=\"lazyload\" data-src=\"https:\/\/derechadiario.com.ar\/filesedc\/uploads\/other\/whatsapp_icon_mid_article.png\" width=\"32\" height=\"32\"><\/a> <a href=\"https:\/\/whatsapp.com\/channel\/0029VagEjILGE56eKjedWF2U\" rel=\"nofollow\" title=\"WhatsApp Link\"><strong>NO SE PIERDAN NINGUNA NOTICIA<\/strong>: Click aqu\u00ed para sumarte <strong>GRATIS<\/strong> al canal de noticias de <strong>La Derecha Diario en WhatsApp.<\/strong><\/a><\/aside>\n<p>En paralelo, la ca\u00edda del d\u00f3lar oficial y de las cotizaciones libres fue celebrada por el ministro de Econom\u00eda, <strong>Luis &#8220;Toto&#8221; Caputo<\/strong>. &#8220;<strong>Habr\u00eda que esperar una catarata de colegas y periodistas pidiendo disculpas por decirle a la gente que hab\u00edamos devaluado, pero seguramente no va a suceder<\/strong>&#8220;, escribi\u00f3 en su cuenta de X, al destacar que la divisa hab\u00eda bajado a $1065 al inicio de la rueda.<\/p>\n<figure><img decoding=\"async\" src=\"https:\/\/derechadiario.com.ar\/filesedc\/uploads\/image\/post\/6-3_1200_800.webp\" class=\"img-responsive lazyload\" alt=\"Un hombre sonriendo con traje y corbata.\" title=\"Un hombre sonriendo con traje y corbata.\"><\/figure>\n<p>El nuevo esquema cambiario fue implementado tras la firma del acuerdo con el Fondo Monetario Internacional (FMI), que implic\u00f3 la eliminaci\u00f3n del crawling peg del 1% mensual. Desde el lunes 14, rige una <strong>banda de no intervenci\u00f3n<\/strong> para el Banco Central, con un piso de $1000 y un techo de $1400. Dentro de ese rango, la autoridad monetaria <strong>no participa en la compraventa de divisas<\/strong>. Adem\u00e1s, se determin\u00f3 que esta banda tendr\u00e1 un ajuste diario: el techo se incrementar\u00e1 a raz\u00f3n del <strong>1% mensual<\/strong>, mientras que el piso disminuir\u00e1 al mismo ritmo.<\/p>\n","protected":false},"excerpt":{"rendered":"<p>El Banco Central se prepara para comprar d\u00f3lares a una cotizaci\u00f3n de $1000. Mientras el Gobierno de Javier Milei\u00a0destaca la ca\u00edda del tipo de cambio oficial, la entidad dirigida por Santiago Bausili formaliz\u00f3 su intenci\u00f3n de compra en el mercado financiero a ese valor. As\u00ed lo se\u00f1alaron operadores del mercado, quienes detectaron la colocaci\u00f3n de [&hellip;]<\/p>\n","protected":false},"author":2,"featured_media":2468,"comment_status":"open","ping_status":"open","sticky":false,"template":"","format":"standard","meta":{"_et_pb_use_builder":"","_et_pb_old_content":"","_et_gb_content_width":"","footnotes":""},"categories":[80],"tags":[],"class_list":["post-2467","post","type-post","status-publish","format-standard","has-post-thumbnail","hentry","category-economia-2"],"_links":{"self":[{"href":"https:\/\/verdadincomodadiario.ar\/index.php?rest_route=\/wp\/v2\/posts\/2467","targetHints":{"allow":["GET"]}}],"collection":[{"href":"https:\/\/verdadincomodadiario.ar\/index.php?rest_route=\/wp\/v2\/posts"}],"about":[{"href":"https:\/\/verdadincomodadiario.ar\/index.php?rest_route=\/wp\/v2\/types\/post"}],"author":[{"embeddable":true,"href":"https:\/\/verdadincomodadiario.ar\/index.php?rest_route=\/wp\/v2\/users\/2"}],"replies":[{"embeddable":true,"href":"https:\/\/verdadincomodadiario.ar\/index.php?rest_route=%2Fwp%2Fv2%2Fcomments&post=2467"}],"version-history":[{"count":0,"href":"https:\/\/verdadincomodadiario.ar\/index.php?rest_route=\/wp\/v2\/posts\/2467\/revisions"}],"wp:featuredmedia":[{"embeddable":true,"href":"https:\/\/verdadincomodadiario.ar\/index.php?rest_route=\/wp\/v2\/media\/2468"}],"wp:attachment":[{"href":"https:\/\/verdadincomodadiario.ar\/index.php?rest_route=%2Fwp%2Fv2%2Fmedia&parent=2467"}],"wp:term":[{"taxonomy":"category","embeddable":true,"href":"https:\/\/verdadincomodadiario.ar\/index.php?rest_route=%2Fwp%2Fv2%2Fcategories&post=2467"},{"taxonomy":"post_tag","embeddable":true,"href":"https:\/\/verdadincomodadiario.ar\/index.php?rest_route=%2Fwp%2Fv2%2Ftags&post=2467"}],"curies":[{"name":"wp","href":"https:\/\/api.w.org\/{rel}","templated":true}]}}