{"id":2385,"date":"2025-04-18T00:11:33","date_gmt":"2025-04-18T00:11:33","guid":{"rendered":"https:\/\/verdadincomodadiario.ar\/?p=2385"},"modified":"2025-04-18T00:11:33","modified_gmt":"2025-04-18T00:11:33","slug":"el-fmi-girara-este-martes-usd-12-000-millones-tras-la-liberalizacion-cambiaria","status":"publish","type":"post","link":"https:\/\/verdadincomodadiario.ar\/?p=2385","title":{"rendered":"El FMI girar\u00e1 este martes USD 12.000 millones tras la liberalizaci\u00f3n cambiaria"},"content":{"rendered":"<p>Luego del debut del nuevo esquema cambiario con d\u00f3lar flotante, el Gobierno nacional destac\u00f3 el desarrollo ordenado de la jornada y anticipa que este martes se concretar\u00e1 el desembolso de \u00a0<strong>USD 12.000 millones del Fondo Monetario Internacional<\/strong>\u00a0 (FMI), con el objetivo de reforzar las reservas internacionales del Banco Central.<\/p>\n<p><strong>El tipo de cambio cerr\u00f3 en torno a los $1.200,<\/strong> en el centro de la banda, sin intervenci\u00f3n oficial.<\/p>\n<h2><strong>Un primer test superado con alivio<\/strong><\/h2>\n<p>La jornada del lunes fue observada con atenci\u00f3n desde el Ministerio de Econom\u00eda. A lo largo del d\u00eda, los funcionarios monitorearon el comportamiento del mercado bajo la nueva modalidad, que elimina gran parte del cepo y permite una flotaci\u00f3n administrada del tipo de cambio.<\/p>\n<div class=\"inter_image image_horizontal\">\n<picture><source class=\"img-responsive\" type=\"image\/webp\" data-srcset=\"\/filesedc\/uploads\/image\/post\/sin-ti222tulo_300_200.webp 300w, \n\/filesedc\/uploads\/image\/post\/sin-ti222tulo_630_420.webp 630w,\n                                \/filesedc\/uploads\/image\/post\/sin-ti222tulo_760_507.webp 760w,\n                                \/filesedc\/uploads\/image\/post\/sin-ti222tulo_1200_800.webp 1200w,\n                                \/filesedc\/uploads\/image\/post\/sin-ti222tulo_1600_1067.webp 1600w\"><img decoding=\"async\" src=\"https:\/\/derechadiario.com.ar\/filesedc\/uploads\/image\/post\/sin-ti222tulo_1200_800.webp\" class=\"img-responsive lazyload\" alt=\"Dos hombres posan para una selfie en una oficina con una bandera argentina y una pintura de fondo.\" title=\"Dos hombres posan para una selfie en una oficina con una bandera argentina y una pintura de fondo.\"><\/picture>\n<div>\n<span class=\"img_footer\">Luis Caputo y Javier Milei  <\/span>| <span class=\"img_author\">La Derecha Diario<\/span>\n<\/div>\n<\/div>\n<p><strong>&#8220;Estamos conformes\u201d, asegur\u00f3 una fuente del equipo econ\u00f3mico<\/strong> a Infobae\u00a0tras la reuni\u00f3n del gabinete con el presidente Javier Milei, en la que se realiz\u00f3 un balance del primer d\u00eda de la llamada fase 3 del programa econ\u00f3mico.<\/p>\n<aside class=\"are-you-interested-container-photo\"><\/aside>\n<p>En los d\u00edas previos, el Palacio de Hacienda hab\u00eda convocado a bancos y agentes burs\u00e1tiles para ajustar los sistemas al nuevo r\u00e9gimen. La respuesta inicial del mercado fue interpretada como un gui\u00f1o de confianza, aunque las autoridades advierten que el verdadero resultado se medir\u00e1 en el mediano plazo, cuando se vea si el tipo de cambio tiende a ubicarse en la parte baja de la banda y permite as\u00ed al BCRA recomprar divisas.<\/p>\n<h2><strong>El desaf\u00edo de la acumulaci\u00f3n de reservas<\/strong><\/h2>\n<p>Pese al alivio que implica el aporte del FMI, los fondos no se computan como reservas netas a efectos del acuerdo. Para alcanzar las metas de acumulaci\u00f3n previstas en la revisi\u00f3n de junio, \u00a0<strong>el Banco Central deber\u00e1 comprar unos USD 4.500 millones en el mercado oficial,<\/strong>\u00a0 seg\u00fan estimaciones de la consultora PxQ.<\/p>\n<figure><img decoding=\"async\" src=\"https:\/\/derechadiario.com.ar\/filesedc\/uploads\/image\/post\/sin-titulo-1739311889423_1200_800.webp\" class=\"img-responsive lazyload\" alt=\"Un hombre sonriendo con los pulgares hacia arriba junto a una bandera con colores celeste y blanco.\" title=\"Un hombre sonriendo con los pulgares hacia arriba junto a una bandera con colores celeste y blanco.\"><\/figure>\n<p>A esta presi\u00f3n se suma el dato preocupante de las reservas netas negativas, que <strong>al 11 de abril rondaban los -USD 7.400<\/strong> millones. De ah\u00ed la insistencia del Gobierno al sector agroexportador para que liquide divisas lo antes posible, especialmente ante la posibilidad de un aumento de retenciones en julio. Desde la Mesa de Enlace se mostraron esc\u00e9pticos, interpretando el mensaje como dirigido m\u00e1s bien a las cerealeras.<\/p>\n<p>Adem\u00e1s del aporte del FMI, \u00a0<strong>el Ejecutivo espera USD 1.500 millones de otros organismos internacionales y una ampliaci\u00f3n del pr\u00e9stamo Repo por USD 2.000 millones en el corto plazo.<\/strong> Sin embargo, no est\u00e1 claro si estos ingresos ser\u00e1n computables como reservas netas en el marco del acuerdo.<\/p>\n<figure><img decoding=\"async\" src=\"https:\/\/derechadiario.com.ar\/filesedc\/uploads\/image\/post\/46d2a6e1-5771-48bb-9f20-2ac6b75c373b-16-9-discover-aspect-ratio-default-1104622_1200_800.webp\" class=\"img-responsive lazyload\" alt=\"Dos personas posan juntas sonriendo frente a una obra de arte abstracta.\" title=\"Dos personas posan juntas sonriendo frente a una obra de arte abstracta.\"><\/figure>\n<h2><strong>El reporte del FMI: atraso cambiario y correcci\u00f3n del tipo de cambio<\/strong><\/h2>\n<p>En su staff report, el FMI advirti\u00f3 que el tipo de cambio real se apreci\u00f3 m\u00e1s del 40% desde diciembre de 2023, a pesar de la correcci\u00f3n de aquel mes, y que a\u00fan existe una brecha de entre el 15% y el 25% para alcanzar el equilibrio externo.<\/p>\n<aside class=\"whatsappChannelText\"><a href=\"https:\/\/whatsapp.com\/channel\/0029VagEjILGE56eKjedWF2U\" rel=\"nofollow\" title=\"WhatsApp Link\"><img alt=\"Logo de WhatsApp\" class=\"lazyload\" data-src=\"https:\/\/derechadiario.com.ar\/filesedc\/uploads\/other\/whatsapp_icon_mid_article.png\" width=\"32\" height=\"32\"><\/a> <a href=\"https:\/\/whatsapp.com\/channel\/0029VagEjILGE56eKjedWF2U\" rel=\"nofollow\" title=\"WhatsApp Link\"><strong>NO SE PIERDAN NINGUNA NOTICIA<\/strong>: Click aqu\u00ed para sumarte <strong>GRATIS<\/strong> al canal de noticias de <strong>La Derecha Diario en WhatsApp.<\/strong><\/a><\/aside>\n<p>Parte de ese presunto atraso podr\u00eda haberse corregido este lunes, con una suba del 11,5% en el d\u00f3lar de referencia para el comercio exterior.<\/p>\n","protected":false},"excerpt":{"rendered":"<p>Luego del debut del nuevo esquema cambiario con d\u00f3lar flotante, el Gobierno nacional destac\u00f3 el desarrollo ordenado de la jornada y anticipa que este martes se concretar\u00e1 el desembolso de \u00a0USD 12.000 millones del Fondo Monetario Internacional\u00a0 (FMI), con el objetivo de reforzar las reservas internacionales del Banco Central. El tipo de cambio cerr\u00f3 en [&hellip;]<\/p>\n","protected":false},"author":2,"featured_media":2386,"comment_status":"open","ping_status":"open","sticky":false,"template":"","format":"standard","meta":{"_et_pb_use_builder":"","_et_pb_old_content":"","_et_gb_content_width":"","footnotes":""},"categories":[80],"tags":[],"class_list":["post-2385","post","type-post","status-publish","format-standard","has-post-thumbnail","hentry","category-economia-2"],"_links":{"self":[{"href":"https:\/\/verdadincomodadiario.ar\/index.php?rest_route=\/wp\/v2\/posts\/2385","targetHints":{"allow":["GET"]}}],"collection":[{"href":"https:\/\/verdadincomodadiario.ar\/index.php?rest_route=\/wp\/v2\/posts"}],"about":[{"href":"https:\/\/verdadincomodadiario.ar\/index.php?rest_route=\/wp\/v2\/types\/post"}],"author":[{"embeddable":true,"href":"https:\/\/verdadincomodadiario.ar\/index.php?rest_route=\/wp\/v2\/users\/2"}],"replies":[{"embeddable":true,"href":"https:\/\/verdadincomodadiario.ar\/index.php?rest_route=%2Fwp%2Fv2%2Fcomments&post=2385"}],"version-history":[{"count":0,"href":"https:\/\/verdadincomodadiario.ar\/index.php?rest_route=\/wp\/v2\/posts\/2385\/revisions"}],"wp:featuredmedia":[{"embeddable":true,"href":"https:\/\/verdadincomodadiario.ar\/index.php?rest_route=\/wp\/v2\/media\/2386"}],"wp:attachment":[{"href":"https:\/\/verdadincomodadiario.ar\/index.php?rest_route=%2Fwp%2Fv2%2Fmedia&parent=2385"}],"wp:term":[{"taxonomy":"category","embeddable":true,"href":"https:\/\/verdadincomodadiario.ar\/index.php?rest_route=%2Fwp%2Fv2%2Fcategories&post=2385"},{"taxonomy":"post_tag","embeddable":true,"href":"https:\/\/verdadincomodadiario.ar\/index.php?rest_route=%2Fwp%2Fv2%2Ftags&post=2385"}],"curies":[{"name":"wp","href":"https:\/\/api.w.org\/{rel}","templated":true}]}}