{"id":2381,"date":"2025-04-18T00:11:35","date_gmt":"2025-04-18T00:11:35","guid":{"rendered":"https:\/\/verdadincomodadiario.ar\/?p=2381"},"modified":"2025-04-18T00:11:35","modified_gmt":"2025-04-18T00:11:35","slug":"el-bcra-impulso-los-bopreal-hasta-usd-3-000-millones-para-inversiones-extranjeras","status":"publish","type":"post","link":"https:\/\/verdadincomodadiario.ar\/?p=2381","title":{"rendered":"El BCRA impuls\u00f3 los BOPREAL. Hasta USD 3.000 millones para inversiones extranjeras"},"content":{"rendered":"<p>En una contundente demostraci\u00f3n de confianza en su programa econ\u00f3mico, el gobierno de<a href=\"https:\/\/derechadiario.com.ar\/economia\/gobierno-recibio-los-usd-12000-millones-del-fmi-y-aumentaron-las-reservas-del-bcra\" title=\"El Gobierno recibi\u00f3 los USD 12.000 millones del FMI y aumentaron las reservas del BCRA\"> Javier Milei<\/a>, a trav\u00e9s del <strong>Banco Central de la Rep\u00fablica Argentina<\/strong>\u00a0 (BCRA), se comunic\u00f3 la emisi\u00f3n de una nueva serie del \u00a0<strong>Bono para la Reconstrucci\u00f3n de una Argentina Libre<\/strong> (Bopreal) por hasta <strong>USD 3.000<\/strong> <strong>millones<\/strong>, y la <strong>liberaci\u00f3n del cepo cambiario<\/strong> para las nuevas inversiones extranjeras que ingresen al pa\u00eds con fines productivos o financieros.<\/p>\n<p>Este ambicioso esquema se enmarca dentro de la \u00a0<strong>Fase 3 del programa econ\u00f3mico<\/strong>, cuyo foco est\u00e1 puesto en normalizar el mercado de cambios, fomentar el desarrollo del mercado de capitales local y consolidar el equilibrio macroecon\u00f3mico. La iniciativa, calificada por el propio Banco Central como parte de una estrategia \u00a0<strong>\u201cmacroprudencial\u201d<\/strong>, busca reducir la volatilidad propia de los flujos especulativos de corto plazo y dar se\u00f1ales claras de estabilidad y previsibilidad a los inversores internacionales.<\/p>\n<p>La novedad m\u00e1s destacada es la liberaci\u00f3n del acceso al <strong>Mercado Libre de Cambios<\/strong> (MLC) para los inversores del exterior que ingresen capitales nuevos. Esta apertura permitir\u00e1 que dichos fondos puedan ser repatriados sin restricciones, siempre que los activos adquiridos permanezcan en el pa\u00eds por un plazo <strong>m\u00ednimo de seis meses<\/strong>, verificado por la entidad financiera interviniente.<\/p>\n<div class=\"inter_image image_horizontal\">\n<picture><source class=\"img-responsive\" type=\"image\/webp\" data-srcset=\"\/filesedc\/uploads\/image\/post\/887552-1715726707240514694-0_300_200.webp 300w, \n\/filesedc\/uploads\/image\/post\/887552-1715726707240514694-0_630_420.webp 630w,\n                                \/filesedc\/uploads\/image\/post\/887552-1715726707240514694-0_760_507.webp 760w,\n                                \/filesedc\/uploads\/image\/post\/887552-1715726707240514694-0_1200_800.webp 1200w,\n                                \/filesedc\/uploads\/image\/post\/887552-1715726707240514694-0_1600_1067.webp 1600w\"><img decoding=\"async\" src=\"https:\/\/derechadiario.com.ar\/filesedc\/uploads\/image\/post\/887552-1715726707240514694-0_1200_800.webp\" class=\"img-responsive lazyload\" alt=\"Un hombre de cabello canoso y traje oscuro habla frente a un micr\u00f3fono con el logo del Ministerio de Econom\u00eda de la Rep\u00fablica Argentina en el fondo.\" title=\"Un hombre de cabello canoso y traje oscuro habla frente a un micr\u00f3fono con el logo del Ministerio de Econom\u00eda de la Rep\u00fablica Argentina en el fondo.\"><\/picture>\n<div>\n<span class=\"img_footer\">Santiago Bausili, presidente del Banco Central de la Rep\u00fablica Argentina. <\/span>| <span class=\"img_author\">La Derecha Diario<\/span>\n<\/div>\n<\/div>\n<p>Este plazo, explicaron desde el BCRA, responde a la necesidad de <strong>\u201climitar la volatilidad que podr\u00edan generar los capitales de corto plazo\u201d<\/strong>\u00a0 y al mismo tiempo, dar herramientas s\u00f3lidas a quienes quieran operar en el mercado financiero argentino. De hecho, bajo este nuevo marco normativo, los fondos del exterior tambi\u00e9n podr\u00e1n acceder al mercado de futuros como instrumento de cobertura cambiaria, lo que <strong>\u201cmejora las condiciones para todos los participantes del mercado de futuros financieros y contribuye a fortalecer la liquidez y la transparencia en la formaci\u00f3n de precios\u201d.<\/strong><\/p>\n<aside class=\"are-you-interested-container-photo\"><\/aside>\n<p>Desde el Central remarcaron que estas decisiones aumentan \u00a0<strong>\u201cla visibilidad y el atractivo de los activos financieros argentinos frente a fondos institucionales y otros veh\u00edculos de inversi\u00f3n\u201d<\/strong> que replican \u00edndices de referencia globales, allanando el camino para una futura inclusi\u00f3n de instrumentos locales en dichos \u00edndices.<\/p>\n<p>Complementando esta apertura, el <strong>BCRA<\/strong>\u00a0 confirm\u00f3 el lanzamiento de la cuarta serie del <strong>Bopreal<\/strong>, bono en d\u00f3lares destinado a absorber excedentes monetarios y dar salida ordenada a <strong>pasivos heredados<\/strong>. A diferencia de las ediciones anteriores, esta emisi\u00f3n est\u00e1 orientada a atender deudas comerciales previas al 12 de diciembre de 2023, dividendos no distribuidos y servicios de deuda con entidades vinculadas.<\/p>\n<p>El nuevo <strong>Bopreal<\/strong>\u00a0 estar\u00e1 denominado en <strong>d\u00f3lares<\/strong>, pero \u00a0<strong>podr\u00e1 suscribirse en pesos<\/strong>, tendr\u00e1 un plazo de tres a\u00f1os, pagar\u00e1 intereses semestrales \u2013cuya tasa se informar\u00e1 oportunamente\u2013 y devolver\u00e1 el capital en <strong>un solo pago<\/strong>\u00a0 al vencimiento. La colocaci\u00f3n, por un total inicial de hasta USD 3.000 millones, se realizar\u00e1 en licitaciones sucesivas por adhesi\u00f3n, cuyas fechas ser\u00e1n comunicadas mediante una <strong>Comunicaci\u00f3n \u201cB\u201d del BCRA.<\/strong><\/p>\n<p>Las emisiones previas del Bopreal ya hab\u00edan servido para descomprimir los pasivos acumulados por importadores hasta fines de 2023. Ahora, esta nueva serie se alinea con las recientes flexibilizaciones al acceso al MLC, particularmente en lo referido a pagos de intereses financieros con vinculadas y a distribuci\u00f3n de utilidades correspondientes a ejercicios iniciados desde el 1\u00b0 de enero de 2025.<\/p>\n<figure><img decoding=\"async\" src=\"https:\/\/derechadiario.com.ar\/filesedc\/uploads\/image\/post\/captura-de-pantalla-2025-04-14-230816-1744761158572_1200_800.webp\" class=\"img-responsive lazyload\" alt=\"Un grupo de hombres vestidos con trajes formales conversan y sonr\u00eden mientras caminan juntos al aire libre.\" title=\"Un grupo de hombres vestidos con trajes formales conversan y sonr\u00eden mientras caminan juntos al aire libre.\"><\/figure>\n<p>El anuncio de estas medidas estructurales coincidi\u00f3 con una jornada clave en la pol\u00edtica cambiaria argentina: el <strong>BCRA recibi\u00f3 el primer desembolso del nuevo acuerdo con el Fondo Monetario Internacional<\/strong> (FMI) por <strong>USD 12.000 millones,<\/strong> como parte de un total pactado de \u00a0<strong>USD 20.000 millones.<\/strong><\/p>\n<p>Con este ingreso, \u00a0<strong>las reservas brutas treparon a USD 36.799 millones<\/strong>, un salto significativo que fortalece el frente externo del pa\u00eds y le permite al Tesoro avanzar con la recompra de Letras Intransferibles en manos del BCRA, mejorando as\u00ed la hoja de balance de la autoridad monetaria.<\/p>\n<aside class=\"whatsappChannelText\"><a href=\"https:\/\/whatsapp.com\/channel\/0029VagEjILGE56eKjedWF2U\" rel=\"nofollow\" title=\"WhatsApp Link\"><img alt=\"Logo de WhatsApp\" class=\"lazyload\" data-src=\"https:\/\/derechadiario.com.ar\/filesedc\/uploads\/other\/whatsapp_icon_mid_article.png\" width=\"32\" height=\"32\"><\/a> <a href=\"https:\/\/whatsapp.com\/channel\/0029VagEjILGE56eKjedWF2U\" rel=\"nofollow\" title=\"WhatsApp Link\"><strong>NO SE PIERDAN NINGUNA NOTICIA<\/strong>: Click aqu\u00ed para sumarte <strong>GRATIS<\/strong> al canal de noticias de <strong>La Derecha Diario en WhatsApp.<\/strong><\/a><\/aside>\n<p>El segundo d\u00eda de vigencia del nuevo esquema de flotaci\u00f3n cambiaria administrada, que mantiene al d\u00f3lar en torno a los <strong>$1.200<\/strong>, transcurri\u00f3 con absoluta estabilidad y sin intervenci\u00f3n del BCRA en el mercado, otro indicador de la firmeza del modelo en marcha.<\/p>\n","protected":false},"excerpt":{"rendered":"<p>En una contundente demostraci\u00f3n de confianza en su programa econ\u00f3mico, el gobierno de Javier Milei, a trav\u00e9s del Banco Central de la Rep\u00fablica Argentina\u00a0 (BCRA), se comunic\u00f3 la emisi\u00f3n de una nueva serie del \u00a0Bono para la Reconstrucci\u00f3n de una Argentina Libre (Bopreal) por hasta USD 3.000 millones, y la liberaci\u00f3n del cepo cambiario para [&hellip;]<\/p>\n","protected":false},"author":2,"featured_media":2382,"comment_status":"open","ping_status":"open","sticky":false,"template":"","format":"standard","meta":{"_et_pb_use_builder":"","_et_pb_old_content":"","_et_gb_content_width":"","footnotes":""},"categories":[80],"tags":[],"class_list":["post-2381","post","type-post","status-publish","format-standard","has-post-thumbnail","hentry","category-economia-2"],"_links":{"self":[{"href":"https:\/\/verdadincomodadiario.ar\/index.php?rest_route=\/wp\/v2\/posts\/2381","targetHints":{"allow":["GET"]}}],"collection":[{"href":"https:\/\/verdadincomodadiario.ar\/index.php?rest_route=\/wp\/v2\/posts"}],"about":[{"href":"https:\/\/verdadincomodadiario.ar\/index.php?rest_route=\/wp\/v2\/types\/post"}],"author":[{"embeddable":true,"href":"https:\/\/verdadincomodadiario.ar\/index.php?rest_route=\/wp\/v2\/users\/2"}],"replies":[{"embeddable":true,"href":"https:\/\/verdadincomodadiario.ar\/index.php?rest_route=%2Fwp%2Fv2%2Fcomments&post=2381"}],"version-history":[{"count":0,"href":"https:\/\/verdadincomodadiario.ar\/index.php?rest_route=\/wp\/v2\/posts\/2381\/revisions"}],"wp:featuredmedia":[{"embeddable":true,"href":"https:\/\/verdadincomodadiario.ar\/index.php?rest_route=\/wp\/v2\/media\/2382"}],"wp:attachment":[{"href":"https:\/\/verdadincomodadiario.ar\/index.php?rest_route=%2Fwp%2Fv2%2Fmedia&parent=2381"}],"wp:term":[{"taxonomy":"category","embeddable":true,"href":"https:\/\/verdadincomodadiario.ar\/index.php?rest_route=%2Fwp%2Fv2%2Fcategories&post=2381"},{"taxonomy":"post_tag","embeddable":true,"href":"https:\/\/verdadincomodadiario.ar\/index.php?rest_route=%2Fwp%2Fv2%2Ftags&post=2381"}],"curies":[{"name":"wp","href":"https:\/\/api.w.org\/{rel}","templated":true}]}}