{"id":2373,"date":"2025-04-18T00:11:39","date_gmt":"2025-04-18T00:11:39","guid":{"rendered":"https:\/\/verdadincomodadiario.ar\/?p=2373"},"modified":"2025-04-18T00:11:39","modified_gmt":"2025-04-18T00:11:39","slug":"chubut-adhiere-al-regimen-de-transparencia-fiscal-impulsado-por-el-gobierno-de-milei","status":"publish","type":"post","link":"https:\/\/verdadincomodadiario.ar\/?p=2373","title":{"rendered":"Chubut adhiere al r\u00e9gimen de transparencia fiscal impulsado por el Gobierno de Milei"},"content":{"rendered":"<p><strong>La provincia de Chubut dio un paso clave en materia de <a href=\"https:\/\/derechadiario.com.ar\/economia\/transparencia-fiscal-cinco-provincias-ya-muestran-carga-impositiva-los-tickets\" title=\"Transparencia Fiscal: cinco provincias ya muestran la carga impositiva en los tickets\">transparencia<\/a> tributaria al convertirse en la primera jurisdicci\u00f3n en adherir al R\u00e9gimen de Transparencia Fiscal al <a href=\"https:\/\/derechadiario.com.ar\/economia\/confianza-del-consumidor-crecio-enero-y-alcanzo-nivel-mas-alto-nueve-anos\" title=\"La confianza del consumidor creci\u00f3 en enero y alcanz\u00f3 el nivel m\u00e1s alto en nueve a\u00f1os\">Consumidor<\/a>,<\/strong> una iniciativa que busca que los tickets de compra detallen claramente todos los impuestos aplicados en cada operaci\u00f3n.<\/p>\n<p>A partir de esta medida, se informar\u00e1n en los comprobantes los <strong>ingresos brutos, tasas municipales y tributos nacionales como el IVA.<\/strong><\/p>\n<h2><strong>Un impulso a la conciencia fiscal ciudadana<\/strong><\/h2>\n<p><strong>El gobernador Ignacio \u201cNacho\u201d Torres celebr\u00f3 la decisi\u00f3n<\/strong>\u00a0 y alent\u00f3 a otras provincias a sumarse a la pauta impulsada por el Gobierno de Milei: <strong>\u201cCada provincia es aut\u00f3noma para sancionar sus respectivos impuestos, pero es nuestra m\u00ednima obligaci\u00f3n informarle al ciudadano&#8221;.<\/strong><\/p>\n<div class=\"inter_image image_horizontal\">\n<picture><source class=\"img-responsive\" type=\"image\/webp\" data-srcset=\"\/filesedc\/uploads\/image\/post\/screenshot-2025-04-16-114442_300_200.webp 300w, \n\/filesedc\/uploads\/image\/post\/screenshot-2025-04-16-114442_630_420.webp 630w,\n                                \/filesedc\/uploads\/image\/post\/screenshot-2025-04-16-114442_760_507.webp 760w,\n                                \/filesedc\/uploads\/image\/post\/screenshot-2025-04-16-114442_1200_800.webp 1200w,\n                                \/filesedc\/uploads\/image\/post\/screenshot-2025-04-16-114442_1600_1067.webp 1600w\"><img decoding=\"async\" src=\"https:\/\/derechadiario.com.ar\/filesedc\/uploads\/image\/post\/screenshot-2025-04-16-114442_1200_800.webp\" class=\"img-responsive lazyload\" alt=\"Hombre con traje y corbata en un evento con fondo azul.\" title=\"Hombre con traje y corbata en un evento con fondo azul.\"><\/picture>\n<div>\n<span class=\"img_footer\">Chubut adhiere al r\u00e9gimen de transparencia fiscal impulsado por el Gobierno de Milei <\/span>| <span class=\"img_author\">La Derecha Diario<\/span>\n<\/div>\n<\/div>\n<p>Desde enero, <strong>el Gobierno nacional dispuso que grandes empresas exhiban el desglose impositivo y, desde abril, esta obligaci\u00f3n se extendi\u00f3 al resto de los comercios.<\/strong>\u00a0 La medida se enmarca en un cambio cultural promovido por la sociedad civil, en especial por la ONG L\u00f3gica, principal impulsora del r\u00e9gimen.<\/p>\n<h2><strong>Apoyos desde Naci\u00f3n y la sociedad civil<\/strong><\/h2>\n<p>El subsecretario de Defensa del Consumidor<strong>, Fernando Blanco Mui\u00f1o, celebr\u00f3 la adhesi\u00f3n de Chubut a trav\u00e9s de la red social X:<\/strong>\u00a0\u201c\u00a1Felicitaciones al Gobernador y al pueblo de Chubut! Se viene una nueva etapa de conciencia fiscal de los consumidores\u201d.<\/p>\n<p>Por su parte, <strong>Mat\u00edas Olivero Vila, presidente de L\u00f3gica, enfatiz\u00f3 que esta iniciativa \u201cpone fin a 50 a\u00f1os de opacidad fiscal\u201d<\/strong> y que permitir\u00e1 visibilizar tributos usualmente ignorados por el consumidor, como los ingresos brutos o las tasas municipales.<\/p>\n<p><strong>\u201cLa falta de conciencia fiscal llev\u00f3 a que la ciudadan\u00eda no exigiera a los pol\u00edticos conductas responsables.<\/strong> Saber los tributos que soportamos nos empoderar\u00e1 para exigir servicios y gastos p\u00fablicos l\u00f3gicos\u201d, sostuvo Olivero.<\/p>\n<figure><img decoding=\"async\" src=\"https:\/\/derechadiario.com.ar\/filesedc\/uploads\/image\/post\/screenshot-2025-04-16-114352_1200_800.webp\" class=\"img-responsive lazyload\" alt=\"Una persona sostiene un recibo de compra en sus manos, con un fondo desenfocado que sugiere un entorno de tienda o supermercado.\" title=\"Una persona sostiene un recibo de compra en sus manos, con un fondo desenfocado que sugiere un entorno de tienda o supermercado.\"><\/figure>\n<h2><strong>Transparencia fiscal: el avance desigual en el pa\u00eds<\/strong><\/h2>\n<p>Desde L\u00f3gica informaron que enviaron dos cartas a los 24 gobernadores y a m\u00e1s de una decena de funcionarios de cada provincia. Hasta el momento, solo <strong>CABA, Catamarca, Chubut, Entre R\u00edos, Mendoza y Misiones respondieron afirmativamente.<\/strong> Entre ellas, Entre R\u00edos ser\u00eda la pr\u00f3xima en aplicar el sistema.<\/p>\n<p>En otras seis provincias existen proyectos de adhesi\u00f3n frenados por la oposici\u00f3n local. Olivero remarc\u00f3 que esta adhesi\u00f3n no implica resignar recaudaci\u00f3n, ya que solo requiere informar los tributos existentes. Adem\u00e1s, <strong>resalt\u00f3 que la Constituci\u00f3n Nacional en su art\u00edculo 42 respalda este tipo de iniciativas, lo que transforma esta \u201cinvitaci\u00f3n\u201d en una exhortaci\u00f3n con car\u00e1cter institucional.<\/strong><\/p>\n<aside class=\"whatsappChannelText\"><a href=\"https:\/\/whatsapp.com\/channel\/0029VagEjILGE56eKjedWF2U\" rel=\"nofollow\" title=\"WhatsApp Link\"><img alt=\"Logo de WhatsApp\" class=\"lazyload\" data-src=\"https:\/\/derechadiario.com.ar\/filesedc\/uploads\/other\/whatsapp_icon_mid_article.png\" width=\"32\" height=\"32\"><\/a> <a href=\"https:\/\/whatsapp.com\/channel\/0029VagEjILGE56eKjedWF2U\" rel=\"nofollow\" title=\"WhatsApp Link\"><strong>NO SE PIERDAN NINGUNA NOTICIA<\/strong>: Click aqu\u00ed para sumarte <strong>GRATIS<\/strong> al canal de noticias de <strong>La Derecha Diario en WhatsApp.<\/strong><\/a><\/aside>\n<h2><strong>Una oportunidad para cambiar la relaci\u00f3n con el Estado<\/strong><\/h2>\n<p>Desde la ONG proponen aprovechar este &#8220;momentum de cambio cultural&#8221; generado por el contexto pol\u00edtico actual para consolidar una ciudadan\u00eda m\u00e1s informada y activa en cuestiones fiscales.<\/p>\n<p>La meta: que e<strong>l debate sobre los impuestos y el gasto p\u00fablico trascienda los gobiernos de turno<\/strong> y se convierta en un tema de agenda c\u00edvica y transversal.<\/p>\n","protected":false},"excerpt":{"rendered":"<p>La provincia de Chubut dio un paso clave en materia de transparencia tributaria al convertirse en la primera jurisdicci\u00f3n en adherir al R\u00e9gimen de Transparencia Fiscal al Consumidor, una iniciativa que busca que los tickets de compra detallen claramente todos los impuestos aplicados en cada operaci\u00f3n. A partir de esta medida, se informar\u00e1n en los [&hellip;]<\/p>\n","protected":false},"author":2,"featured_media":2374,"comment_status":"open","ping_status":"open","sticky":false,"template":"","format":"standard","meta":{"_et_pb_use_builder":"","_et_pb_old_content":"","_et_gb_content_width":"","footnotes":""},"categories":[80],"tags":[],"class_list":["post-2373","post","type-post","status-publish","format-standard","has-post-thumbnail","hentry","category-economia-2"],"_links":{"self":[{"href":"https:\/\/verdadincomodadiario.ar\/index.php?rest_route=\/wp\/v2\/posts\/2373","targetHints":{"allow":["GET"]}}],"collection":[{"href":"https:\/\/verdadincomodadiario.ar\/index.php?rest_route=\/wp\/v2\/posts"}],"about":[{"href":"https:\/\/verdadincomodadiario.ar\/index.php?rest_route=\/wp\/v2\/types\/post"}],"author":[{"embeddable":true,"href":"https:\/\/verdadincomodadiario.ar\/index.php?rest_route=\/wp\/v2\/users\/2"}],"replies":[{"embeddable":true,"href":"https:\/\/verdadincomodadiario.ar\/index.php?rest_route=%2Fwp%2Fv2%2Fcomments&post=2373"}],"version-history":[{"count":0,"href":"https:\/\/verdadincomodadiario.ar\/index.php?rest_route=\/wp\/v2\/posts\/2373\/revisions"}],"wp:featuredmedia":[{"embeddable":true,"href":"https:\/\/verdadincomodadiario.ar\/index.php?rest_route=\/wp\/v2\/media\/2374"}],"wp:attachment":[{"href":"https:\/\/verdadincomodadiario.ar\/index.php?rest_route=%2Fwp%2Fv2%2Fmedia&parent=2373"}],"wp:term":[{"taxonomy":"category","embeddable":true,"href":"https:\/\/verdadincomodadiario.ar\/index.php?rest_route=%2Fwp%2Fv2%2Fcategories&post=2373"},{"taxonomy":"post_tag","embeddable":true,"href":"https:\/\/verdadincomodadiario.ar\/index.php?rest_route=%2Fwp%2Fv2%2Ftags&post=2373"}],"curies":[{"name":"wp","href":"https:\/\/api.w.org\/{rel}","templated":true}]}}