{"id":2263,"date":"2025-04-17T20:25:02","date_gmt":"2025-04-17T20:25:02","guid":{"rendered":"https:\/\/verdadincomodadiario.ar\/?p=2263"},"modified":"2025-04-17T20:25:02","modified_gmt":"2025-04-17T20:25:02","slug":"el-gobierno-de-javier-milei-volvio-a-tener-un-superavit-financiero-en-marzo","status":"publish","type":"post","link":"https:\/\/verdadincomodadiario.ar\/?p=2263","title":{"rendered":"El Gobierno de Javier Milei volvi\u00f3 a tener un super\u00e1vit financiero en marzo"},"content":{"rendered":"<p>El Gobierno de <a href=\"https:\/\/derechadiario.com.ar\/economia\/avanzan-las-reformas-gobierno-desregula-agro-e-impulsa-apertura-financiera\" target=\"_blank\" title=\"Avanzan las reformas: el Gobierno desregula el agro e impulsa la apertura financiera\"><strong>Javier Milei<\/strong><\/a> anunci\u00f3 que durante el mes de marzo se alcanz\u00f3 un <strong>super\u00e1vit primario<\/strong> de <strong>$745.339 millones<\/strong>, lo que equivale al 0,1% del Producto Interno Bruto (PIB), y un <strong>super\u00e1vit financiero<\/strong> de <strong>$398.909 millones<\/strong>.<\/p>\n<p>Con estos datos, el <strong>primer trimestre del a\u00f1o<\/strong> finaliz\u00f3 con un <strong>super\u00e1vit primario<\/strong> acumulado del <strong>0,5% del PIB<\/strong> y un <strong>super\u00e1vit financiero<\/strong> del <strong>0,2%<\/strong>, a pesar de la <a href=\"https:\/\/derechadiario.com.ar\/politica\/gobierno-milei-eliminara-los-impuestos-sobre-los-juegos-steam-segun-tn\" target=\"_blank\" title=\"El Gobierno de Milei eliminar\u00e1 los impuestos sobre los juegos de Steam, seg\u00fan TN\"><strong>baja de impuestos<\/strong><\/a> y del pago de intereses netos por $346.430 millones dentro del propio sector p\u00fablico.<\/p>\n<p>Seg\u00fan\u00a0el Ministerio de Econom\u00eda, este resultado se logr\u00f3 incluso en un escenario de <strong>menor carga impositiva<\/strong>. Esto se debe a la finalizaci\u00f3n del Impuesto PAIS en diciembre, el cual hab\u00eda aportado un <strong>0,3%<\/strong> del PIB en el mismo per\u00edodo del a\u00f1o anterior, la <strong>eliminaci\u00f3n<\/strong> y\u00a0<strong>reducci\u00f3n temporal<\/strong>\u00a0de retenciones para los exportadores que liquiden en tiempo y forma, y la derogaci\u00f3n de la suspensi\u00f3n de los certificados de exclusi\u00f3n, que afect\u00f3 la recaudaci\u00f3n por IVA y Ganancias en operaciones de comercio exterior.<\/p>\n<div class=\"inter_image image_horizontal\">\n<picture><source class=\"img-responsive\" type=\"image\/webp\" data-srcset=\"\/filesedc\/uploads\/image\/post\/sin-ti222tulo_300_200.webp 300w, \n\/filesedc\/uploads\/image\/post\/sin-ti222tulo_630_420.webp 630w,\n                                \/filesedc\/uploads\/image\/post\/sin-ti222tulo_760_507.webp 760w,\n                                \/filesedc\/uploads\/image\/post\/sin-ti222tulo_1200_800.webp 1200w,\n                                \/filesedc\/uploads\/image\/post\/sin-ti222tulo_1600_1067.webp 1600w\"><img decoding=\"async\" src=\"https:\/\/derechadiario.com.ar\/filesedc\/uploads\/image\/post\/sin-ti222tulo_1200_800.webp\" class=\"img-responsive lazyload\" alt=\"Dos hombres posan para una selfie en una oficina con una bandera argentina y una pintura de fondo.\" title=\"Dos hombres posan para una selfie en una oficina con una bandera argentina y una pintura de fondo.\"><\/picture>\n<div>\n<span class=\"img_footer\">Javier Milei y Luis Caputo. <\/span>| <span class=\"img_author\">La Derecha Diario<\/span>\n<\/div>\n<\/div>\n<p>Este desempe\u00f1o fiscal se suma al super\u00e1vit financiero logrado en 2024, <strong>el primero en 14 a\u00f1os<\/strong> y el <strong>m\u00e1s significativo en 16<\/strong>, con el cumplimiento total de los compromisos asumidos por el Estado nacional. Seg\u00fan indic\u00f3 la cartera econ\u00f3mica, estos n\u00fameros reflejan el <strong>compromiso del Gobierno de Milei con el equilibrio de las cuentas p\u00fablicas<\/strong>, que se mantiene como <strong>eje del programa econ\u00f3mico<\/strong>. En esa l\u00ednea, se llev\u00f3 a cabo un ajuste adicional para 2025 equivalente al 0,3% del PIB, elevando as\u00ed la meta de super\u00e1vit primario anual del 1,3% al <strong>1,6% del PIB<\/strong>.<\/p>\n<aside class=\"are-you-interested-container-photo\"><\/aside>\n<h2>El mensaje de Luis\u00a0Caputo<\/h2>\n<p>En su cuenta de X, el ministro de Econom\u00eda, <strong>Luis &#8220;Toto&#8221; Caputo<\/strong>, celebr\u00f3 el anuncio: &#8220;<strong>IMPORTANTE: MARZO REGISTR\u00d3 SUPER\u00c1VIT FINANCIERO<\/strong>&#8220;, afirm\u00f3.<\/p>\n<p>&#8220;En marzo de 2025 el Sector P\u00fablico Nacional (SPN) registr\u00f3 un super\u00e1vit primario de $745.339 millones (aproximadamente 0,1% del PIB) y un super\u00e1vit financiero de $398.909 millones, acumulando en el primer trimestre del a\u00f1o un super\u00e1vit primario de aproximadamente 0,5% del PIB y un super\u00e1vit financiero de 0,2% del PIB. Asimismo, se registraron pagos de intereses netos de tenencias intra sector p\u00fablico por $346.430 millones&#8221;, detall\u00f3 Caputo.<\/p>\n<aside class=\"whatsappChannelText\"><a href=\"https:\/\/whatsapp.com\/channel\/0029VagEjILGE56eKjedWF2U\" rel=\"nofollow\" title=\"WhatsApp Link\"><img alt=\"Logo de WhatsApp\" class=\"lazyload\" data-src=\"https:\/\/derechadiario.com.ar\/filesedc\/uploads\/other\/whatsapp_icon_mid_article.png\" width=\"32\" height=\"32\"><\/a> <a href=\"https:\/\/whatsapp.com\/channel\/0029VagEjILGE56eKjedWF2U\" rel=\"nofollow\" title=\"WhatsApp Link\"><strong>NO SE PIERDAN NINGUNA NOTICIA<\/strong>: Click aqu\u00ed para sumarte <strong>GRATIS<\/strong> al canal de noticias de <strong>La Derecha Diario en WhatsApp.<\/strong><\/a><\/aside>\n<figure><img decoding=\"async\" src=\"https:\/\/derechadiario.com.ar\/filesedc\/uploads\/image\/post\/678bb4f4f00a8_1200_800.webp\" class=\"img-responsive lazyload\" alt=\"Dos personas posando para una selfie en un interior.\" title=\"Dos personas posando para una selfie en un interior.\"><\/figure>\n<p>Sobre la baja de impuestos, el ministro explic\u00f3: &#8220;El super\u00e1vit se alcanz\u00f3 en simult\u00e1neo a la vigencia de distintas medidas de reducci\u00f3n de impuestos que vienen implement\u00e1ndose en los \u00faltimos meses&#8221;.<\/p>\n<p>&#8220;Entre ellas se cuentan: i) la expiraci\u00f3n del Impuesto PAIS en diciembre (hab\u00eda aportado 0,3% del PIB en el primer trimestre de 2024), ii) la baja transitoria de derechos de exportaci\u00f3n para exportadores que cumplan con el plazo establecido para la liquidaci\u00f3n de divisas, conforme lo estipulado por el Decreto 38\/2025 y iii) la derogaci\u00f3n a partir de marzo de la suspensi\u00f3n de los certificados de exclusi\u00f3n, lo que incidi\u00f3 negativamente en la recaudaci\u00f3n de las percepciones aduaneras en IVA y Ganancias&#8221;, agreg\u00f3.<\/p>\n","protected":false},"excerpt":{"rendered":"<p>El Gobierno de Javier Milei anunci\u00f3 que durante el mes de marzo se alcanz\u00f3 un super\u00e1vit primario de $745.339 millones, lo que equivale al 0,1% del Producto Interno Bruto (PIB), y un super\u00e1vit financiero de $398.909 millones. Con estos datos, el primer trimestre del a\u00f1o finaliz\u00f3 con un super\u00e1vit primario acumulado del 0,5% del PIB [&hellip;]<\/p>\n","protected":false},"author":2,"featured_media":2264,"comment_status":"open","ping_status":"open","sticky":false,"template":"","format":"standard","meta":{"_et_pb_use_builder":"","_et_pb_old_content":"","_et_gb_content_width":"","footnotes":""},"categories":[80],"tags":[],"class_list":["post-2263","post","type-post","status-publish","format-standard","has-post-thumbnail","hentry","category-economia-2"],"_links":{"self":[{"href":"https:\/\/verdadincomodadiario.ar\/index.php?rest_route=\/wp\/v2\/posts\/2263","targetHints":{"allow":["GET"]}}],"collection":[{"href":"https:\/\/verdadincomodadiario.ar\/index.php?rest_route=\/wp\/v2\/posts"}],"about":[{"href":"https:\/\/verdadincomodadiario.ar\/index.php?rest_route=\/wp\/v2\/types\/post"}],"author":[{"embeddable":true,"href":"https:\/\/verdadincomodadiario.ar\/index.php?rest_route=\/wp\/v2\/users\/2"}],"replies":[{"embeddable":true,"href":"https:\/\/verdadincomodadiario.ar\/index.php?rest_route=%2Fwp%2Fv2%2Fcomments&post=2263"}],"version-history":[{"count":0,"href":"https:\/\/verdadincomodadiario.ar\/index.php?rest_route=\/wp\/v2\/posts\/2263\/revisions"}],"wp:featuredmedia":[{"embeddable":true,"href":"https:\/\/verdadincomodadiario.ar\/index.php?rest_route=\/wp\/v2\/media\/2264"}],"wp:attachment":[{"href":"https:\/\/verdadincomodadiario.ar\/index.php?rest_route=%2Fwp%2Fv2%2Fmedia&parent=2263"}],"wp:term":[{"taxonomy":"category","embeddable":true,"href":"https:\/\/verdadincomodadiario.ar\/index.php?rest_route=%2Fwp%2Fv2%2Fcategories&post=2263"},{"taxonomy":"post_tag","embeddable":true,"href":"https:\/\/verdadincomodadiario.ar\/index.php?rest_route=%2Fwp%2Fv2%2Ftags&post=2263"}],"curies":[{"name":"wp","href":"https:\/\/api.w.org\/{rel}","templated":true}]}}