{"id":2259,"date":"2025-04-17T20:25:04","date_gmt":"2025-04-17T20:25:04","guid":{"rendered":"https:\/\/verdadincomodadiario.ar\/?p=2259"},"modified":"2025-04-17T20:25:04","modified_gmt":"2025-04-17T20:25:04","slug":"el-salario-real-privado-registrado-alcanzo-su-nivel-mas-alto-desde-2018","status":"publish","type":"post","link":"https:\/\/verdadincomodadiario.ar\/?p=2259","title":{"rendered":"El salario real privado registrado alcanz\u00f3 su nivel m\u00e1s alto desde 2018"},"content":{"rendered":"<p>El ministro de Econom\u00eda de Argentina, <a href=\"https:\/\/derechadiario.com.ar\/economia\/gobierno-javier-milei-volvio-tener-superavit-financiero-marzo\" target=\"_blank\" title=\"El Gobierno de Javier Milei volvi\u00f3 a tener un super\u00e1vit financiero en marzo\"><strong>Luis &#8220;Toto&#8221; Caputo<\/strong><\/a>, celebr\u00f3 un hito significativo en la gesti\u00f3n econ\u00f3mica del Gobierno de <a href=\"https:\/\/derechadiario.com.ar\/economia\/gobierno-milei-eliminara-los-impuestos-sobre-los-juegos-steam-segun-tn\" target=\"_blank\" title=\"El Gobierno de Milei eliminar\u00e1 los impuestos sobre los juegos de Steam, seg\u00fan TN\"><strong>Javier Milei<\/strong><\/a> a trav\u00e9s de un tuit publicado en su cuenta de X.\u00a0<\/p>\n<p>Seg\u00fan el gr\u00e1fico compartido, que utiliza datos del Observatorio de Empleo y Din\u00e1mica Empresarial (OEDE) y del INDEC, el <strong>salario real promedio de los trabajadores privados registrados<\/strong> alcanz\u00f3 <strong>el nivel m\u00e1s alto desde agosto de 2018<\/strong>.<\/p>\n<p>Este logro, destacado por Caputo, refleja el impacto positivo del programa econ\u00f3mico implementado y la recuperaci\u00f3n lograda\u00a0por el Gobierno de Milei, que asumi\u00f3 el poder en diciembre de 2023 con la promesa terminar con d\u00e9cadas de decadencia.<\/p>\n<div class=\"inter_image image_horizontal\">\n<picture><source class=\"img-responsive\" type=\"image\/webp\" data-srcset=\"\/filesedc\/uploads\/image\/post\/gop8xkhx0aasff-_300_200.webp 300w, \n\/filesedc\/uploads\/image\/post\/gop8xkhx0aasff-_630_420.webp 630w,\n                                \/filesedc\/uploads\/image\/post\/gop8xkhx0aasff-_760_507.webp 760w,\n                                \/filesedc\/uploads\/image\/post\/gop8xkhx0aasff-_1200_800.webp 1200w,\n                                \/filesedc\/uploads\/image\/post\/gop8xkhx0aasff-_1600_1067.webp 1600w\"><img decoding=\"async\" src=\"https:\/\/derechadiario.com.ar\/filesedc\/uploads\/image\/post\/gop8xkhx0aasff-_1200_800.webp\" class=\"img-responsive lazyload\" alt=\"Gr\u00e1fico de l\u00ednea que muestra la evoluci\u00f3n de un \u00edndice desde enero de 2017 hasta enero de 2025, con puntos destacados en noviembre de 2017, enero de 2020, diciembre de 2022, noviembre de 2023 y febrero de 2025.\" title=\"Gr\u00e1fico de l\u00ednea que muestra la evoluci\u00f3n de un \u00edndice desde enero de 2017 hasta enero de 2025, con puntos destacados en noviembre de 2017, enero de 2020, diciembre de 2022, noviembre de 2023 y febrero de 2025.\"><\/picture>\n<div>\n<span class=\"img_footer\">El gr\u00e1fico compartido por Caputo. <\/span>| <span class=\"img_author\">La Derecha Diario<\/span>\n<\/div>\n<\/div>\n<p>Durante el kirchnerismo, las pol\u00edticas de <strong>gasto p\u00fablico descontrolado<\/strong> y la <strong>enorme emisi\u00f3n monetaria<\/strong> generaron una <strong>alta inflaci\u00f3n<\/strong> que destruy\u00f3\u00a0los ingresos reales de los trabajadores argentinos, dejando un panorama desolador al cierre de 2023.<\/p>\n<aside class=\"are-you-interested-container-photo\"><\/aside>\n<p>Sin embargo, la llegada del presidente Milei marc\u00f3 un punto de inflexi\u00f3n. A pesar de que en los primeros meses de su gesti\u00f3n el salario real continu\u00f3 cayendo, producto de la grave crisis econ\u00f3mica heredada del kirchnerismo, a partir del segundo trimestre de 2024 se observa una <strong>fuerte\u00a0recuperaci\u00f3n sostenida<\/strong>.<\/p>\n<p>La inflaci\u00f3n, que hab\u00eda sido uno de los principales problemas de la econom\u00eda argentina, comenz\u00f3 a ceder gracias a las medidas de ajuste fiscal y monetario implementadas por Milei, lo que permiti\u00f3 que los salarios\u00a0recuperaran terreno frente al costo de vida.<\/p>\n<figure><img decoding=\"async\" src=\"https:\/\/derechadiario.com.ar\/filesedc\/uploads\/image\/post\/678bb4f4f00a8_1200_800.webp\" class=\"img-responsive lazyload\" alt=\"Dos personas posando para una selfie en un interior.\" title=\"Dos personas posando para una selfie en un interior.\"><\/figure>\n<aside class=\"whatsappChannelText\"><a href=\"https:\/\/whatsapp.com\/channel\/0029VagEjILGE56eKjedWF2U\" rel=\"nofollow\" title=\"WhatsApp Link\"><img alt=\"Logo de WhatsApp\" class=\"lazyload\" data-src=\"https:\/\/derechadiario.com.ar\/filesedc\/uploads\/other\/whatsapp_icon_mid_article.png\" width=\"32\" height=\"32\"><\/a> <a href=\"https:\/\/whatsapp.com\/channel\/0029VagEjILGE56eKjedWF2U\" rel=\"nofollow\" title=\"WhatsApp Link\"><strong>NO SE PIERDAN NINGUNA NOTICIA<\/strong>: Click aqu\u00ed para sumarte <strong>GRATIS<\/strong> al canal de noticias de <strong>La Derecha Diario en WhatsApp.<\/strong><\/a><\/aside>\n<p>Este logro no solo <strong>impuls\u00f3 el poder adquisitivo de los trabajadores<\/strong>, sino que tambi\u00e9n tuvo un <strong>impacto directo en la reducci\u00f3n de la pobreza<\/strong>. Seg\u00fan el reciente informe del INDEC, la tasa de pobreza baj\u00f3 al <strong>38.1%<\/strong> en el <strong>segundo semestre de 2024<\/strong>, una enorme mejora frente al 52% registrado previamente por culpa del gobierno anterior, evidenciando el impacto positivo del aumento del salario real.<\/p>\n<p>El \u00e9xito del programa econ\u00f3mico del Gobierno de Milei, basado en la reducci\u00f3n del gasto p\u00fablico y el equilibrio fiscal, logr\u00f3 que el salario real privado registrado no solo se recupere, sino que alcance el <strong>nivel m\u00e1s alto desde agosto de 2018<\/strong>, marcando un futuro prometedor para la econom\u00eda argentina.<\/p>\n","protected":false},"excerpt":{"rendered":"<p>El ministro de Econom\u00eda de Argentina, Luis &#8220;Toto&#8221; Caputo, celebr\u00f3 un hito significativo en la gesti\u00f3n econ\u00f3mica del Gobierno de Javier Milei a trav\u00e9s de un tuit publicado en su cuenta de X.\u00a0 Seg\u00fan el gr\u00e1fico compartido, que utiliza datos del Observatorio de Empleo y Din\u00e1mica Empresarial (OEDE) y del INDEC, el salario real promedio [&hellip;]<\/p>\n","protected":false},"author":2,"featured_media":2260,"comment_status":"open","ping_status":"open","sticky":false,"template":"","format":"standard","meta":{"_et_pb_use_builder":"","_et_pb_old_content":"","_et_gb_content_width":"","footnotes":""},"categories":[80],"tags":[],"class_list":["post-2259","post","type-post","status-publish","format-standard","has-post-thumbnail","hentry","category-economia-2"],"_links":{"self":[{"href":"https:\/\/verdadincomodadiario.ar\/index.php?rest_route=\/wp\/v2\/posts\/2259","targetHints":{"allow":["GET"]}}],"collection":[{"href":"https:\/\/verdadincomodadiario.ar\/index.php?rest_route=\/wp\/v2\/posts"}],"about":[{"href":"https:\/\/verdadincomodadiario.ar\/index.php?rest_route=\/wp\/v2\/types\/post"}],"author":[{"embeddable":true,"href":"https:\/\/verdadincomodadiario.ar\/index.php?rest_route=\/wp\/v2\/users\/2"}],"replies":[{"embeddable":true,"href":"https:\/\/verdadincomodadiario.ar\/index.php?rest_route=%2Fwp%2Fv2%2Fcomments&post=2259"}],"version-history":[{"count":0,"href":"https:\/\/verdadincomodadiario.ar\/index.php?rest_route=\/wp\/v2\/posts\/2259\/revisions"}],"wp:featuredmedia":[{"embeddable":true,"href":"https:\/\/verdadincomodadiario.ar\/index.php?rest_route=\/wp\/v2\/media\/2260"}],"wp:attachment":[{"href":"https:\/\/verdadincomodadiario.ar\/index.php?rest_route=%2Fwp%2Fv2%2Fmedia&parent=2259"}],"wp:term":[{"taxonomy":"category","embeddable":true,"href":"https:\/\/verdadincomodadiario.ar\/index.php?rest_route=%2Fwp%2Fv2%2Fcategories&post=2259"},{"taxonomy":"post_tag","embeddable":true,"href":"https:\/\/verdadincomodadiario.ar\/index.php?rest_route=%2Fwp%2Fv2%2Ftags&post=2259"}],"curies":[{"name":"wp","href":"https:\/\/api.w.org\/{rel}","templated":true}]}}