{"id":2257,"date":"2025-04-17T20:25:05","date_gmt":"2025-04-17T20:25:05","guid":{"rendered":"https:\/\/verdadincomodadiario.ar\/?p=2257"},"modified":"2025-04-17T20:25:05","modified_gmt":"2025-04-17T20:25:05","slug":"desaceleracion-de-precios-la-inflacion-mayorista-de-marzo-cerro-en-15","status":"publish","type":"post","link":"https:\/\/verdadincomodadiario.ar\/?p=2257","title":{"rendered":"Desaceleraci\u00f3n de precios: la inflaci\u00f3n mayorista de marzo cerr\u00f3 en 1,5%"},"content":{"rendered":"<p><strong>El INDEC public\u00f3 el informe correspondiente al Sistema de \u00cdndices de Precios Mayoristas para marzo de 2025, confirmando una marcada desaceleraci\u00f3n inflacionaria en la econom\u00eda argentina, en l\u00ednea con los objetivos del gobierno de Javier Milei.<\/strong><\/p>\n<p>En t\u00e9rminos mensuales, el \u00cdndice de Precios Internos al por Mayor (IPIM) registr\u00f3 una variaci\u00f3n del 1,5%, el \u00cdndice de Precios Internos B\u00e1sicos al por Mayor (IPIB) del 1,4% y el \u00cdndice de Precios B\u00e1sicos del Productor (IPP) del 1,3%. <strong>Se trata de las cifras m\u00e1s bajas desde el pico inflacionario provocado por Massa en diciembre de 2023, cuando los registros mensuales superaron el 54%.<\/strong><\/p>\n<div class=\"inter_image image_horizontal\">\n<picture><source class=\"img-responsive\" type=\"image\/webp\" data-srcset=\"\/filesedc\/uploads\/image\/post\/075c88bd-8ba7-42f7-bfc9-b9f869fcc23d_300_200.webp 300w, \n\/filesedc\/uploads\/image\/post\/075c88bd-8ba7-42f7-bfc9-b9f869fcc23d_630_420.webp 630w,\n                                \/filesedc\/uploads\/image\/post\/075c88bd-8ba7-42f7-bfc9-b9f869fcc23d_760_507.webp 760w,\n                                \/filesedc\/uploads\/image\/post\/075c88bd-8ba7-42f7-bfc9-b9f869fcc23d_1200_800.webp 1200w,\n                                \/filesedc\/uploads\/image\/post\/075c88bd-8ba7-42f7-bfc9-b9f869fcc23d_1600_1067.webp 1600w\"><img decoding=\"async\" src=\"https:\/\/derechadiario.com.ar\/filesedc\/uploads\/image\/post\/075c88bd-8ba7-42f7-bfc9-b9f869fcc23d_1200_800.webp\" class=\"img-responsive lazyload\" alt=\"Gr\u00e1fico que muestra las variaciones porcentuales de los \u00edndices de precios mayoristas en marzo de 2025, incluyendo el IPIM con una variaci\u00f3n mensual del 1,5%, el IPIB con 1,4% y el IPP con 1,3%, junto con sus respectivas variaciones interanuales y acumuladas para productos nacionales e importados.\" title=\"Gr\u00e1fico que muestra las variaciones porcentuales de los \u00edndices de precios mayoristas en marzo de 2025, incluyendo el IPIM con una variaci\u00f3n mensual del 1,5%, el IPIB con 1,4% y el IPP con 1,3%, junto con sus respectivas variaciones interanuales y acumuladas para productos nacionales e importados.\"><\/picture>\n<div>\n<span class=\"img_footer\">Precios mayoristas-INDEC <\/span>| <span class=\"img_author\">La Derecha Diario<\/span>\n<\/div>\n<\/div>\n<p><a href=\"https:\/\/derechadiario.com.ar\/economia\/avanzan-las-reformas-gobierno-desregula-agro-e-impulsa-apertura-financiera\" title=\"Avanzan las reformas: el Gobierno desregula el agro e impulsa la apertura financiera\">El dato cobra relevancia en el contexto del programa econ\u00f3mico libertario<\/a>, basado en el ajuste del gasto p\u00fablico, la eliminaci\u00f3n del d\u00e9ficit fiscal primario y la fuerte restricci\u00f3n monetaria. <strong>La combinaci\u00f3n de estas medidas ha logrado contener el componente inercial y monetario de la inflaci\u00f3n.<\/strong><\/p>\n<p><strong>En t\u00e9rminos interanuales, el IPIM se ubic\u00f3 en 27,7%, el IPIB en 25,7% y el IPP en 28,1%.<\/strong> Esto implica una desaceleraci\u00f3n significativa frente a los registros de tres meses atr\u00e1s, que superaban el 100% anual. Particularmente, <strong>los precios de los productos nacionales variaron un 30,6% interanual en el IPIM, mientras que los importados lo hicieron en apenas 18,2%<\/strong>, reflejando el efecto del ancla cambiaria y la normalizaci\u00f3n del comercio exterior.<\/p>\n<aside class=\"are-you-interested-container-photo\"><\/aside>\n<h2>Sectores con subas moderadas y correcci\u00f3n de precios relativos<\/h2>\n<p>Entre los sectores, se destacan subas moderadas en alimentos y bebidas (2,7%), productos textiles (1,9%) y energ\u00eda el\u00e9ctrica (1,7%). <strong>Por otro lado, se observan ca\u00eddas en productos pesqueros (-2,3%) y equipos de medicina e instrumentos de medici\u00f3n (-0,5%).<\/strong> Estos movimientos sectoriales responden, en parte, a la recomposici\u00f3n de precios relativos tras a\u00f1os de distorsiones y controles.<\/p>\n<figure><img decoding=\"async\" src=\"https:\/\/derechadiario.com.ar\/filesedc\/uploads\/image\/post\/44362097-d40f-4821-9d0f-81831fd85d86_1200_800.webp\" class=\"img-responsive lazyload\" alt=\"Gr\u00e1fico de barras que muestra la variaci\u00f3n porcentual de los \u00edndices de precios mayoristas en marzo de 2025, con tres categor\u00edas: \u00cdndice de precios internos al por mayor (IPIM) en morado, \u00cdndice de precios internos b\u00e1sicos al por mayor (IPIB) en naranja e \u00cdndice de precios b\u00e1sicos del productor (IPP) en verde, cada uno con subcategor\u00edas como nivel general, productos primarios, manufacturados y energ\u00eda el\u00e9ctrica, y productos importados.\" title=\"Gr\u00e1fico de barras que muestra la variaci\u00f3n porcentual de los \u00edndices de precios mayoristas en marzo de 2025, con tres categor\u00edas: \u00cdndice de precios internos al por mayor (IPIM) en morado, \u00cdndice de precios internos b\u00e1sicos al por mayor (IPIB) en naranja e \u00cdndice de precios b\u00e1sicos del productor (IPP) en verde, cada uno con subcategor\u00edas como nivel general, productos primarios, manufacturados y energ\u00eda el\u00e9ctrica, y productos importados.\"><\/figure>\n<p>El componente de productos manufacturados present\u00f3 una variaci\u00f3n mensual del 1,6% tanto en el IPIM como en el IPIB e IPP, lo que evidencia una homogeneidad en el proceso de desaceleraci\u00f3n a nivel industrial. La suba en los refinados del petr\u00f3leo (2,6%) y en las impresiones y grabaciones (3,3%) contrasta con la estabilidad en otros rubros como el cuero y calzado (0,3%) y la maquinaria el\u00e9ctrica (-0,5%).<\/p>\n<p>El informe tambi\u00e9n incluye un an\u00e1lisis gr\u00e1fico que muestra la fuerte desaceleraci\u00f3n mensual desde el pico registrado entre diciembre de 2023 y enero de 2024. Desde entonces,<a href=\"https:\/\/derechadiario.com.ar\/politica\/tras-sacar-cepo-presidente-milei-anticipo-cuando-inflacion-desaparecer\" title=\"Tras sacar el cepo, el presidente Milei anticip\u00f3 cu\u00e1ndo la inflaci\u00f3n va a desaparecer\"> <\/a><strong><a href=\"https:\/\/derechadiario.com.ar\/politica\/tras-sacar-cepo-presidente-milei-anticipo-cuando-inflacion-desaparecer\" title=\"Tras sacar el cepo, el presidente Milei anticip\u00f3 cu\u00e1ndo la inflaci\u00f3n va a desaparecer\">los tres \u00edndices vienen convergiendo a niveles cercanos al 1%<\/a>, resultado directo de la pol\u00edtica monetaria contractiva implementada por el Banco Central y la eliminaci\u00f3n del financiamiento monetario al Tesoro.<\/strong><\/p>\n<figure><img decoding=\"async\" src=\"https:\/\/derechadiario.com.ar\/filesedc\/uploads\/image\/post\/075782ef-912a-4a9a-ab54-1d34d1609aa9_1200_800.webp\" class=\"img-responsive lazyload\" alt=\"Gr\u00e1fico de barras que muestra la variaci\u00f3n mensual porcentual de los \u00edndices IPIM, IPIB e IPP desde 2023 hasta 2025, con un pico notable a finales de 2023 y una tendencia a la baja en 2024.\" title=\"Gr\u00e1fico de barras que muestra la variaci\u00f3n mensual porcentual de los \u00edndices IPIM, IPIB e IPP desde 2023 hasta 2025, con un pico notable a finales de 2023 y una tendencia a la baja en 2024.\"><\/figure>\n<h2>Indicadores del sector construcci\u00f3n: desaceleraci\u00f3n moderada y reacomodamiento de precios<\/h2>\n<p>En l\u00ednea con la desaceleraci\u00f3n de precios mayoristas, <strong>el \u00edndice del costo de la construcci\u00f3n en el Gran Buenos Aires, publicado tambi\u00e9n por el INDEC para marzo de 2025, muestra una variaci\u00f3n mensual del 0,3%<\/strong>, consolidando la tendencia de freno inflacionario impulsada por el plan econ\u00f3mico del gobierno.<\/p>\n<aside class=\"whatsappChannelText\"><a href=\"https:\/\/whatsapp.com\/channel\/0029VagEjILGE56eKjedWF2U\" rel=\"nofollow\" title=\"WhatsApp Link\"><img alt=\"Logo de WhatsApp\" class=\"lazyload\" data-src=\"https:\/\/derechadiario.com.ar\/filesedc\/uploads\/other\/whatsapp_icon_mid_article.png\" width=\"32\" height=\"32\"><\/a> <a href=\"https:\/\/whatsapp.com\/channel\/0029VagEjILGE56eKjedWF2U\" rel=\"nofollow\" title=\"WhatsApp Link\"><strong>NO SE PIERDAN NINGUNA NOTICIA<\/strong>: Click aqu\u00ed para sumarte <strong>GRATIS<\/strong> al canal de noticias de <strong>La Derecha Diario en WhatsApp.<\/strong><\/a><\/aside>\n<p>Desagregando por componentes, los materiales aumentaron un 0,6%, la mano de obra cay\u00f3 levemente un 0,1%, y los gastos generales subieron un 0,8%. En t\u00e9rminos interanuales, el incremento acumulado fue del 49,3%, con una suba de 3,6% en lo que va del a\u00f1o. Esta combinaci\u00f3n evidencia una contenci\u00f3n significativa frente a los meses previos.<\/p>\n<figure><img decoding=\"async\" src=\"https:\/\/derechadiario.com.ar\/filesedc\/uploads\/image\/post\/8e610a12-0cc4-40b0-86db-c700f0cfc2e0-1_1200_1600.webp\" class=\"img-responsive lazyload\" alt=\"Gr\u00e1fico que muestra el costo de la construcci\u00f3n en el Gran Buenos Aires con variaciones porcentuales del nivel general, cap\u00edtulos y aperturas seleccionadas para marzo de 2025, incluyendo datos sobre materiales, mano de obra y gastos generales, as\u00ed como variaciones interanuales y acumuladas, adem\u00e1s de detalles sobre variaciones mensuales por grupo de materiales, mano de obra y servicios de alquiler.\" title=\"Gr\u00e1fico que muestra el costo de la construcci\u00f3n en el Gran Buenos Aires con variaciones porcentuales del nivel general, cap\u00edtulos y aperturas seleccionadas para marzo de 2025, incluyendo datos sobre materiales, mano de obra y gastos generales, as\u00ed como variaciones interanuales y acumuladas, adem\u00e1s de detalles sobre variaciones mensuales por grupo de materiales, mano de obra y servicios de alquiler.\"><\/figure>\n<p>Las subas m\u00e1s destacadas dentro de los materiales fueron en pisos y alfombras (2,7%) y vidrios (2,5%), mientras que hubo bajas en productos met\u00e1licos (-1,8%) y cemento y cal (-1,3%). Por su parte, el rubro de servicios de alquiler de equipos present\u00f3 aumentos moderados, con la retroexcavadora (3,1%) y el cami\u00f3n volcador (3,0%) a la cabeza.<\/p>\n<p><strong>Estos datos reflejan no solo la desaceleraci\u00f3n del ritmo inflacionario, sino tambi\u00e9n una incipiente correcci\u00f3n de precios relativos dentro del sector, coherente con el diagn\u00f3stico general sobre la econom\u00eda argentina.<\/strong> Tal como ocurre con los precios mayoristas, el costo de la construcci\u00f3n muestra se\u00f1ales de estabilizaci\u00f3n y un reacomodamiento gradual de sus componentes, impulsados por la pol\u00edtica de disciplina fiscal y monetaria del actual gobierno.<\/p>\n","protected":false},"excerpt":{"rendered":"<p>El INDEC public\u00f3 el informe correspondiente al Sistema de \u00cdndices de Precios Mayoristas para marzo de 2025, confirmando una marcada desaceleraci\u00f3n inflacionaria en la econom\u00eda argentina, en l\u00ednea con los objetivos del gobierno de Javier Milei. En t\u00e9rminos mensuales, el \u00cdndice de Precios Internos al por Mayor (IPIM) registr\u00f3 una variaci\u00f3n del 1,5%, el \u00cdndice [&hellip;]<\/p>\n","protected":false},"author":2,"featured_media":2258,"comment_status":"open","ping_status":"open","sticky":false,"template":"","format":"standard","meta":{"_et_pb_use_builder":"","_et_pb_old_content":"","_et_gb_content_width":"","footnotes":""},"categories":[80],"tags":[],"class_list":["post-2257","post","type-post","status-publish","format-standard","has-post-thumbnail","hentry","category-economia-2"],"_links":{"self":[{"href":"https:\/\/verdadincomodadiario.ar\/index.php?rest_route=\/wp\/v2\/posts\/2257","targetHints":{"allow":["GET"]}}],"collection":[{"href":"https:\/\/verdadincomodadiario.ar\/index.php?rest_route=\/wp\/v2\/posts"}],"about":[{"href":"https:\/\/verdadincomodadiario.ar\/index.php?rest_route=\/wp\/v2\/types\/post"}],"author":[{"embeddable":true,"href":"https:\/\/verdadincomodadiario.ar\/index.php?rest_route=\/wp\/v2\/users\/2"}],"replies":[{"embeddable":true,"href":"https:\/\/verdadincomodadiario.ar\/index.php?rest_route=%2Fwp%2Fv2%2Fcomments&post=2257"}],"version-history":[{"count":0,"href":"https:\/\/verdadincomodadiario.ar\/index.php?rest_route=\/wp\/v2\/posts\/2257\/revisions"}],"wp:featuredmedia":[{"embeddable":true,"href":"https:\/\/verdadincomodadiario.ar\/index.php?rest_route=\/wp\/v2\/media\/2258"}],"wp:attachment":[{"href":"https:\/\/verdadincomodadiario.ar\/index.php?rest_route=%2Fwp%2Fv2%2Fmedia&parent=2257"}],"wp:term":[{"taxonomy":"category","embeddable":true,"href":"https:\/\/verdadincomodadiario.ar\/index.php?rest_route=%2Fwp%2Fv2%2Fcategories&post=2257"},{"taxonomy":"post_tag","embeddable":true,"href":"https:\/\/verdadincomodadiario.ar\/index.php?rest_route=%2Fwp%2Fv2%2Ftags&post=2257"}],"curies":[{"name":"wp","href":"https:\/\/api.w.org\/{rel}","templated":true}]}}