{"id":2251,"date":"2025-04-17T20:25:08","date_gmt":"2025-04-17T20:25:08","guid":{"rendered":"https:\/\/verdadincomodadiario.ar\/?p=2251"},"modified":"2025-04-17T20:25:08","modified_gmt":"2025-04-17T20:25:08","slug":"caputo-celebro-que-molinos-retrotrajera-aumentos-y-destaco-el-rol-de-los-supermercados","status":"publish","type":"post","link":"https:\/\/verdadincomodadiario.ar\/?p=2251","title":{"rendered":"Caputo celebr\u00f3 que Molinos retrotrajera aumentos y destac\u00f3 el rol de los supermercados"},"content":{"rendered":"<p>En medio de la salida del cepo, el ministro de Econom\u00eda<strong>, Luis Caputo, apunt\u00f3 p\u00fablicamente contra empresas que intentaron aplicar fuertes aumentos de precios<\/strong>, y destac\u00f3 la <strong>actitud de los <a href=\"https:\/\/derechadiario.com.ar\/negocios-finanzas\/ropa-invierno-barata-supermercado-sorprende-con-precios-mas-bajos-que-flores\" title=\"Ropa de invierno barata: un supermercado sorprende con precios m\u00e1s bajos que en Flores\">supermercados<\/a> por rechazar esas listas<\/strong>. El funcionario elogi\u00f3 particularmente a <strong>Molinos<\/strong>, que\u00a0decidi\u00f3 retrotraer los incrementos previstos.<\/p>\n<p><strong>\u201cMolinos retrotrajo toda la suba de precios. Buena reacci\u00f3n. Y sobre todo, gran gesti\u00f3n de los supermercados, cuidando a sus clientes\u201d<\/strong>, public\u00f3 Caputo en la red social X.<\/p>\n<h2><strong>Supermercados se plantaron ante aumentos de hasta 12%<\/strong><\/h2>\n<p><strong>La controversia se desat\u00f3 tras la divulgaci\u00f3n de nuevas listas de precios con subas que oscilaban entre el 9% y el 12%<\/strong>, impulsadas por compa\u00f1\u00edas como <strong>Unilever<\/strong>\u00a0 y la propia <strong>Molinos<\/strong>. Seg\u00fan detall\u00f3 Caputo, <strong>los <a href=\"https:\/\/derechadiario.com.ar\/economia\/supermercado-con-carne-mas-barata-abril-donde-comprar-los-mejores-cortes\" title=\"El supermercado con la carne m\u00e1s barata en abril: d\u00f3nde comprar los mejores cortes\">supermercados<\/a> m\u00e1s grandes rechazaron estas remesas<\/strong>, lo que oblig\u00f3 a, al menos, una de las firmas a dar marcha atr\u00e1s.<\/p>\n<div class=\"inter_image image_horizontal\">\n<picture><source class=\"img-responsive\" type=\"image\/webp\" data-srcset=\"\/filesedc\/uploads\/image\/post\/screenshot-2025-04-17-121853_300_200.webp 300w, \n\/filesedc\/uploads\/image\/post\/screenshot-2025-04-17-121853_630_420.webp 630w,\n                                \/filesedc\/uploads\/image\/post\/screenshot-2025-04-17-121853_760_507.webp 760w,\n                                \/filesedc\/uploads\/image\/post\/screenshot-2025-04-17-121853_1200_800.webp 1200w,\n                                \/filesedc\/uploads\/image\/post\/screenshot-2025-04-17-121853_1600_1067.webp 1600w\"><img decoding=\"async\" src=\"https:\/\/derechadiario.com.ar\/filesedc\/uploads\/image\/post\/screenshot-2025-04-17-121853_1200_800.webp\" class=\"img-responsive lazyload\" alt=\"Una imagen que muestra una colecci\u00f3n de logotipos de diversas marcas conocidas, todas pertenecientes a una misma empresa matriz.\" title=\"Una imagen que muestra una colecci\u00f3n de logotipos de diversas marcas conocidas, todas pertenecientes a una misma empresa matriz.\"><\/picture>\n<div>\n<span class=\"img_footer\">Caputo celebr\u00f3 que Molinos retrotrajera aumentos y destac\u00f3 el rol de los supermercados <\/span>| <span class=\"img_author\">La Derecha Diario<\/span>\n<\/div>\n<\/div>\n<p><strong>Unilever hab\u00eda anticipado a los comercios aumentos de entre 7% y 9% para los pr\u00f3ximos d\u00edas.<\/strong> Otras empresas, como SC Johnson (con productos como Raid y Off) y Softys (que fabrica Babysec, Higienol y Elite), tambi\u00e9n anunciaron ajustes similares.<\/p>\n<aside class=\"are-you-interested-container-photo\"><\/aside>\n<h2><strong>El nuevo r\u00e9gimen cambiario como tel\u00f3n de fondo<\/strong><\/h2>\n<p>Estas tensiones se desarrollan en el marco del nuevo r\u00e9gimen de flotaci\u00f3n cambiaria, que establece una banda entre $1.000 y $1.400 para el d\u00f3lar oficial, con una deslizaci\u00f3n mensual del 1%. El lunes, tras el levantamiento del cepo para los ahorristas, <strong>el d\u00f3lar subi\u00f3 12% y cerr\u00f3 en $1.230. Luego se estabiliz\u00f3 y cay\u00f3 a $1.160 el mi\u00e9rcoles.<\/strong><\/p>\n<figure><img decoding=\"async\" src=\"https:\/\/derechadiario.com.ar\/filesedc\/uploads\/image\/post\/screenshot-2025-04-17-121739_1200_800.webp\" class=\"img-responsive lazyload\" alt=\"Fachada del Banco Central de la Rep\u00fablica Argentina con una bandera argentina ondeando.\" title=\"Fachada del Banco Central de la Rep\u00fablica Argentina con una bandera argentina ondeando.\"><\/figure>\n<p>Frente a este contexto, <strong>varias empresas decidieron adelantar aumentos de precios por temor a una mayor suba del d\u00f3lar.<\/strong> Sus argumentos se centraron en dos puntos:<\/p>\n<aside class=\"whatsappChannelText\"><a href=\"https:\/\/whatsapp.com\/channel\/0029VagEjILGE56eKjedWF2U\" rel=\"nofollow\" title=\"WhatsApp Link\"><img alt=\"Logo de WhatsApp\" class=\"lazyload\" data-src=\"https:\/\/derechadiario.com.ar\/filesedc\/uploads\/other\/whatsapp_icon_mid_article.png\" width=\"32\" height=\"32\"><\/a> <a href=\"https:\/\/whatsapp.com\/channel\/0029VagEjILGE56eKjedWF2U\" rel=\"nofollow\" title=\"WhatsApp Link\"><strong>NO SE PIERDAN NINGUNA NOTICIA<\/strong>: Click aqu\u00ed para sumarte <strong>GRATIS<\/strong> al canal de noticias de <strong>La Derecha Diario en WhatsApp.<\/strong><\/a><\/aside>\n<ul>\n<li>Muchos productos de consumo masivo dependen de insumos importados, atados al d\u00f3lar.<\/li>\n<li>Los bienes exportables, como ciertos alimentos, tienden a subir de precio en el mercado interno cuando mejora su valor internacional por un tipo de cambio m\u00e1s alto.<\/li>\n<\/ul>\n<h2><strong>El Gobierno respald\u00f3 el rol de los supermercados<\/strong><\/h2>\n<p>Desde el Ministerio de Econom\u00eda buscan <strong>frenar los aumentos injustificados en un momento clave de transici\u00f3n.<\/strong> La presi\u00f3n oficial ya logr\u00f3 que una empresa retroceda, y se espera que otras sigan el mismo camino.<\/p>\n<p><strong>La estrategia tambi\u00e9n incluye visibilizar y apoyar a las cadenas de supermercados que resisten incrementos abruptos.<\/strong><\/p>\n","protected":false},"excerpt":{"rendered":"<p>En medio de la salida del cepo, el ministro de Econom\u00eda, Luis Caputo, apunt\u00f3 p\u00fablicamente contra empresas que intentaron aplicar fuertes aumentos de precios, y destac\u00f3 la actitud de los supermercados por rechazar esas listas. El funcionario elogi\u00f3 particularmente a Molinos, que\u00a0decidi\u00f3 retrotraer los incrementos previstos. \u201cMolinos retrotrajo toda la suba de precios. Buena reacci\u00f3n. [&hellip;]<\/p>\n","protected":false},"author":2,"featured_media":2252,"comment_status":"open","ping_status":"open","sticky":false,"template":"","format":"standard","meta":{"_et_pb_use_builder":"","_et_pb_old_content":"","_et_gb_content_width":"","footnotes":""},"categories":[80],"tags":[],"class_list":["post-2251","post","type-post","status-publish","format-standard","has-post-thumbnail","hentry","category-economia-2"],"_links":{"self":[{"href":"https:\/\/verdadincomodadiario.ar\/index.php?rest_route=\/wp\/v2\/posts\/2251","targetHints":{"allow":["GET"]}}],"collection":[{"href":"https:\/\/verdadincomodadiario.ar\/index.php?rest_route=\/wp\/v2\/posts"}],"about":[{"href":"https:\/\/verdadincomodadiario.ar\/index.php?rest_route=\/wp\/v2\/types\/post"}],"author":[{"embeddable":true,"href":"https:\/\/verdadincomodadiario.ar\/index.php?rest_route=\/wp\/v2\/users\/2"}],"replies":[{"embeddable":true,"href":"https:\/\/verdadincomodadiario.ar\/index.php?rest_route=%2Fwp%2Fv2%2Fcomments&post=2251"}],"version-history":[{"count":0,"href":"https:\/\/verdadincomodadiario.ar\/index.php?rest_route=\/wp\/v2\/posts\/2251\/revisions"}],"wp:featuredmedia":[{"embeddable":true,"href":"https:\/\/verdadincomodadiario.ar\/index.php?rest_route=\/wp\/v2\/media\/2252"}],"wp:attachment":[{"href":"https:\/\/verdadincomodadiario.ar\/index.php?rest_route=%2Fwp%2Fv2%2Fmedia&parent=2251"}],"wp:term":[{"taxonomy":"category","embeddable":true,"href":"https:\/\/verdadincomodadiario.ar\/index.php?rest_route=%2Fwp%2Fv2%2Fcategories&post=2251"},{"taxonomy":"post_tag","embeddable":true,"href":"https:\/\/verdadincomodadiario.ar\/index.php?rest_route=%2Fwp%2Fv2%2Ftags&post=2251"}],"curies":[{"name":"wp","href":"https:\/\/api.w.org\/{rel}","templated":true}]}}