{"id":2249,"date":"2025-04-17T20:25:09","date_gmt":"2025-04-17T20:25:09","guid":{"rendered":"https:\/\/verdadincomodadiario.ar\/?p=2249"},"modified":"2025-04-17T20:25:09","modified_gmt":"2025-04-17T20:25:09","slug":"el-fmi-destaco-la-gestion-de-milei-argentina-paso-de-recesion-a-crecimiento-del-5","status":"publish","type":"post","link":"https:\/\/verdadincomodadiario.ar\/?p=2249","title":{"rendered":"El FMI destac\u00f3 la gesti\u00f3n de Milei: &#8216;Argentina pas\u00f3 de recesi\u00f3n a crecimiento del 5%&#8217;"},"content":{"rendered":"<p>En el inicio de las <strong>Reuniones de Primavera 2025 del Fondo Monetario Internacional (FMI) y el Banco Mundial<\/strong>, la directora gerente del <a href=\"https:\/\/derechadiario.com.ar\/economia\/gobierno-acordo-con-fmi-simplificar-sistema-impositivo-argentino\" title=\"El Gobierno acord\u00f3 con el FMI simplificar el sistema impositivo argentino\">FMI<\/a>, \u00a0<strong>Kristalina Georgieva<\/strong>, destac\u00f3 a Argentina como uno de los pa\u00edses que m\u00e1s avances ha demostrado en materia econ\u00f3mica, a pesar del contexto global adverso.<\/p>\n<p><strong>En su discurso desde Washington D.C.<\/strong>, la economista b\u00falgara elogi\u00f3 las reformas estructurales aplicadas y la disciplina fiscal del pa\u00eds, que \u2014seg\u00fan indic\u00f3\u2014 <strong>permitieron revertir indicadores negativos y proyectar un crecimiento del 5% para 2025.<\/strong><\/p>\n<p><strong>\u201cProyecciones de crecimiento para Argentina para este a\u00f1o: 5%. Pueden caer un poco debido al ambiente global, pero de una recesi\u00f3n a un 5%, con inflaci\u00f3n de dos d\u00edgitos a un d\u00edgito mensual y, lo m\u00e1s importante, la pobreza de m\u00e1s del 50% a menos del 40%<\/strong>\u201d, afirm\u00f3 Georgieva durante su intervenci\u00f3n.<\/p>\n<h2><strong>Avances pese a un escenario global desafiante<\/strong><\/h2>\n<p>Bajo el t\u00edtulo \u201cPerspectivas de la econom\u00eda global y prioridades pol\u00edticas\u201d, <strong>Georgieva abord\u00f3 los desaf\u00edos que enfrentan los pa\u00edses en un escenario de desaceleraci\u00f3n mundial y tensiones geopol\u00edticas.<\/strong> Se\u00f1al\u00f3 que actualmente 48 pa\u00edses reciben asistencia del <a href=\"https:\/\/derechadiario.com.ar\/politica\/privatizaciones-y-cierre-fideicomisos-que-acordo-gobierno-con-fmi\" title=\"Privatizaciones y cierre de fideicomisos: qu\u00e9 acord\u00f3 el Gobierno con el FMI\">FMI<\/a>, entre ellos Argentina, y subray\u00f3 la importancia de mantener el rumbo en materia de ajustes macroecon\u00f3micos.<\/p>\n<aside class=\"are-you-interested-container-photo\"><\/aside>\n<div class=\"inter_image image_horizontal\">\n<picture><source class=\"img-responsive\" type=\"image\/webp\" data-srcset=\"\/filesedc\/uploads\/image\/post\/screenshot-2025-04-17-123011_300_200.webp 300w, \n\/filesedc\/uploads\/image\/post\/screenshot-2025-04-17-123011_630_420.webp 630w,\n                                \/filesedc\/uploads\/image\/post\/screenshot-2025-04-17-123011_760_507.webp 760w,\n                                \/filesedc\/uploads\/image\/post\/screenshot-2025-04-17-123011_1200_800.webp 1200w,\n                                \/filesedc\/uploads\/image\/post\/screenshot-2025-04-17-123011_1600_1067.webp 1600w\"><img decoding=\"async\" src=\"https:\/\/derechadiario.com.ar\/filesedc\/uploads\/image\/post\/screenshot-2025-04-17-123011_1200_800.webp\" class=\"img-responsive lazyload\" alt=\"Tres personas sentadas conversando en un evento del Foro Econ\u00f3mico Mundial, con un cartel en la pared que dice \" committed to improving the state of world title=\"Tres personas sentadas conversando en un evento del Foro Econ\u00f3mico Mundial, con un cartel en la pared que dice \"><\/picture>\n<div>\n<span class=\"img_footer\">El FMI destac\u00f3 la gesti\u00f3n de Milei: &#8216;Argentina pas\u00f3 de recesi\u00f3n a crecimiento del 5%&#8217; <\/span>| <span class=\"img_author\">La Derecha Diario<\/span>\n<\/div>\n<\/div>\n<p><strong>La directora del organismo internacional tambi\u00e9n hizo \u00e9nfasis en que los gobiernos deben eliminar trabas al emprendimiento y la innovaci\u00f3n<\/strong> y asumir la responsabilidad de corregir los &#8220;da\u00f1os autoinfligidos&#8221; que dificultan el desarrollo.<\/p>\n<h2><strong>Disciplina fiscal, reformas y respaldo social<\/strong><\/h2>\n<p>Uno de los aspectos m\u00e1s valorados por <strong>Georgieva fue el compromiso del gobierno argentino con la disciplina fiscal y las reformas estructurales<\/strong>, lo que \u2014seg\u00fan explic\u00f3\u2014 ha comenzado a generar resultados concretos: ca\u00edda de la inflaci\u00f3n mensual a un solo d\u00edgito, reducci\u00f3n de la pobreza y mejora en las proyecciones de crecimiento.<\/p>\n<aside class=\"whatsappChannelText\"><a href=\"https:\/\/whatsapp.com\/channel\/0029VagEjILGE56eKjedWF2U\" rel=\"nofollow\" title=\"WhatsApp Link\"><img alt=\"Logo de WhatsApp\" class=\"lazyload\" data-src=\"https:\/\/derechadiario.com.ar\/filesedc\/uploads\/other\/whatsapp_icon_mid_article.png\" width=\"32\" height=\"32\"><\/a> <a href=\"https:\/\/whatsapp.com\/channel\/0029VagEjILGE56eKjedWF2U\" rel=\"nofollow\" title=\"WhatsApp Link\"><strong>NO SE PIERDAN NINGUNA NOTICIA<\/strong>: Click aqu\u00ed para sumarte <strong>GRATIS<\/strong> al canal de noticias de <strong>La Derecha Diario en WhatsApp.<\/strong><\/a><\/aside>\n<p>Adem\u00e1s, <strong>remarc\u00f3 el apoyo popular a las medidas impulsadas por la administraci\u00f3n local. Asegur\u00f3 que \u201cel pueblo ve un compromiso claro del gobierno en avanzar con las reformas necesarias\u201d, y que esto contribuye a generar confianza tanto a nivel interno como internacional.<\/strong><\/p>\n<figure><img decoding=\"async\" src=\"https:\/\/derechadiario.com.ar\/filesedc\/uploads\/image\/post\/screenshot-2025-04-17-123016_1200_800.webp\" class=\"img-responsive lazyload\" alt=\"Dos personas posan frente a un mapa dorado del mundo en una pared azul con el texto \" international monetary fund y una bandera a la derecha. title=\"Dos personas posan frente a un mapa dorado del mundo en una pared azul con el texto \"><\/figure>\n<h2><strong>Una oportunidad frente al contexto internacional<\/strong><\/h2>\n<p>Durante el encuentro, que tambi\u00e9n cont\u00f3 con la participaci\u00f3n de representantes internacionales como la embajadora de Ucrania, Georgieva advirti\u00f3 que, si bien las perspectivas econ\u00f3micas globales est\u00e1n cargadas de incertidumbre, pa\u00edses como Argentina representan ejemplos de resiliencia.<\/p>\n<p><strong>\u201cLa situaci\u00f3n econ\u00f3mica de Argentina es un ejemplo de un pa\u00eds que ha logrado grandes avances a trav\u00e9s de reformas estructurales y disciplina fiscal\u201d<\/strong>, concluy\u00f3.<\/p>\n","protected":false},"excerpt":{"rendered":"<p>En el inicio de las Reuniones de Primavera 2025 del Fondo Monetario Internacional (FMI) y el Banco Mundial, la directora gerente del FMI, \u00a0Kristalina Georgieva, destac\u00f3 a Argentina como uno de los pa\u00edses que m\u00e1s avances ha demostrado en materia econ\u00f3mica, a pesar del contexto global adverso. En su discurso desde Washington D.C., la economista [&hellip;]<\/p>\n","protected":false},"author":2,"featured_media":2250,"comment_status":"open","ping_status":"open","sticky":false,"template":"","format":"standard","meta":{"_et_pb_use_builder":"","_et_pb_old_content":"","_et_gb_content_width":"","footnotes":""},"categories":[80],"tags":[],"class_list":["post-2249","post","type-post","status-publish","format-standard","has-post-thumbnail","hentry","category-economia-2"],"_links":{"self":[{"href":"https:\/\/verdadincomodadiario.ar\/index.php?rest_route=\/wp\/v2\/posts\/2249","targetHints":{"allow":["GET"]}}],"collection":[{"href":"https:\/\/verdadincomodadiario.ar\/index.php?rest_route=\/wp\/v2\/posts"}],"about":[{"href":"https:\/\/verdadincomodadiario.ar\/index.php?rest_route=\/wp\/v2\/types\/post"}],"author":[{"embeddable":true,"href":"https:\/\/verdadincomodadiario.ar\/index.php?rest_route=\/wp\/v2\/users\/2"}],"replies":[{"embeddable":true,"href":"https:\/\/verdadincomodadiario.ar\/index.php?rest_route=%2Fwp%2Fv2%2Fcomments&post=2249"}],"version-history":[{"count":0,"href":"https:\/\/verdadincomodadiario.ar\/index.php?rest_route=\/wp\/v2\/posts\/2249\/revisions"}],"wp:featuredmedia":[{"embeddable":true,"href":"https:\/\/verdadincomodadiario.ar\/index.php?rest_route=\/wp\/v2\/media\/2250"}],"wp:attachment":[{"href":"https:\/\/verdadincomodadiario.ar\/index.php?rest_route=%2Fwp%2Fv2%2Fmedia&parent=2249"}],"wp:term":[{"taxonomy":"category","embeddable":true,"href":"https:\/\/verdadincomodadiario.ar\/index.php?rest_route=%2Fwp%2Fv2%2Fcategories&post=2249"},{"taxonomy":"post_tag","embeddable":true,"href":"https:\/\/verdadincomodadiario.ar\/index.php?rest_route=%2Fwp%2Fv2%2Ftags&post=2249"}],"curies":[{"name":"wp","href":"https:\/\/api.w.org\/{rel}","templated":true}]}}