{"id":2247,"date":"2025-04-17T20:25:10","date_gmt":"2025-04-17T20:25:10","guid":{"rendered":"https:\/\/verdadincomodadiario.ar\/?p=2247"},"modified":"2025-04-17T20:25:10","modified_gmt":"2025-04-17T20:25:10","slug":"la-camara-argentina-de-supermercados-no-convalidara-nuevos-aumentos-de-precios","status":"publish","type":"post","link":"https:\/\/verdadincomodadiario.ar\/?p=2247","title":{"rendered":"La C\u00e1mara Argentina de Supermercados no convalidar\u00e1 nuevos aumentos de precios"},"content":{"rendered":"<p>El presidente de la C\u00e1mara Argentina de Supermercados (CAS), <strong>V\u00edctor Palpacelli<\/strong>, se refiri\u00f3 a la postura del sector frente a los recientes intentos de algunos proveedores de implementar\u00a0<a href=\"https:\/\/derechadiario.com.ar\/economia\/caputo-celebro-que-molinos-retrotrajera-aumentos-y-destaco-rol-los-supermercados\" target=\"_blank\" title=\"Caputo celebr\u00f3 que Molinos retrotrajera aumentos y destac\u00f3 el rol de los supermercados\"><strong>aumentos de precios<\/strong><\/a>. En declaraciones a una emisora radial, Palpacelli fue contundente al afirmar que las cadenas de supermercados <strong>no convalidar\u00e1n subas<\/strong> que provoquen una ca\u00edda del consumo.<\/p>\n<p>La reciente <strong>eliminaci\u00f3n del cepo\u00a0cambiario<\/strong> llev\u00f3 a que empresas como <strong>Unilever<\/strong> y <strong>Molinos R\u00edo de la Plata<\/strong> difundieran listas con <strong>incrementos<\/strong> que oscilan entre el <strong>9% y el 12%<\/strong>, impactando en productos de consumo diario. No obstante, las principales cadenas, agrupadas en la Asociaci\u00f3n de Supermercados Unidos (ASU), decidieron <strong>no aceptar esos aumentos<\/strong>.<\/p>\n<p>Durante la entrevista con Urbana Play, Palpacelli indic\u00f3 que tanto las cadenas m\u00e1s chicas como las regionales <strong>tambi\u00e9n rechazaron las nuevas listas de precios<\/strong>. Sin embargo, aclar\u00f3 que no todos los supermercados adoptaron la misma decisi\u00f3n.<\/p>\n<div class=\"inter_image image_horizontal\">\n<picture><source class=\"img-responsive\" type=\"image\/webp\" data-srcset=\"\/filesedc\/uploads\/image\/post\/943d25b1547a32a94df299d41485a19d-m_300_200.webp 300w, \n\/filesedc\/uploads\/image\/post\/943d25b1547a32a94df299d41485a19d-m_630_420.webp 630w,\n                                \/filesedc\/uploads\/image\/post\/943d25b1547a32a94df299d41485a19d-m_760_507.webp 760w,\n                                \/filesedc\/uploads\/image\/post\/943d25b1547a32a94df299d41485a19d-m_1200_800.webp 1200w,\n                                \/filesedc\/uploads\/image\/post\/943d25b1547a32a94df299d41485a19d-m_1600_1067.webp 1600w\"><img decoding=\"async\" src=\"https:\/\/derechadiario.com.ar\/filesedc\/uploads\/image\/post\/943d25b1547a32a94df299d41485a19d-m_1200_800.webp\" class=\"img-responsive lazyload\" alt=\"Hombre de pie en una tienda de vinos con estantes llenos de botellas a su alrededor.\" title=\"Hombre de pie en una tienda de vinos con estantes llenos de botellas a su alrededor.\"><\/picture>\n<div>\n<span class=\"img_footer\">El presidente de la C\u00e1mara Argentina de Supermercados (CAS), V\u00edctor Palpacelli. <\/span>| <span class=\"img_author\">La Derecha Diario<\/span>\n<\/div>\n<\/div>\n<p>Mientras algunas empresas optaron por mantener los valores sin modificaciones, otras trasladaron los aumentos a los precios en g\u00f3ndola. Seg\u00fan el titular de la CAS, esto representa un motivo de preocupaci\u00f3n generalizada, ya que el traslado de costos al consumidor <strong>afecta directamente las ventas<\/strong>.<\/p>\n<aside class=\"are-you-interested-container-photo\"><\/aside>\n<p>&#8220;Las empresas que han hecho cambios de bonificaciones y de condiciones y aumentos, en definitiva terminan siendo aumentos&#8221;, sostuvo Palpacelli. Adem\u00e1s, remarc\u00f3 que el objetivo del sector es proteger al consumidor y frenar los aumentos de precios.\u00a0<\/p>\n<p>Frente a este escenario, el Gobierno de <a href=\"https:\/\/derechadiario.com.ar\/economia\/fmi-destaco-gestion-milei-argentina-paso-recesion-crecimiento-del-5\" target=\"_blank\" title=\"El FMI destac\u00f3 la gesti\u00f3n de Milei: 'Argentina pas\u00f3 de recesi\u00f3n a crecimiento del 5%'\"><strong>Javier Milei<\/strong><\/a> tambi\u00e9n se expres\u00f3, advirtiendo que <strong>los aumentos no tienen fundamento<\/strong>. En esa l\u00ednea, el ministro de Econom\u00eda, <strong>Luis &#8220;Toto&#8221;\u00a0Caputo<\/strong>, expres\u00f3 a trav\u00e9s de sus redes sociales que tanto las grandes cadenas como los supermercados regionales hab\u00edan <strong>rechazado<\/strong> las listas de precios con <strong>subas del 9% al 12%<\/strong> enviadas por empresas como Unilever y Molinos R\u00edo de la Plata.<\/p>\n<aside class=\"whatsappChannelText\"><a href=\"https:\/\/whatsapp.com\/channel\/0029VagEjILGE56eKjedWF2U\" rel=\"nofollow\" title=\"WhatsApp Link\"><img alt=\"Logo de WhatsApp\" class=\"lazyload\" data-src=\"https:\/\/derechadiario.com.ar\/filesedc\/uploads\/other\/whatsapp_icon_mid_article.png\" width=\"32\" height=\"32\"><\/a> <a href=\"https:\/\/whatsapp.com\/channel\/0029VagEjILGE56eKjedWF2U\" rel=\"nofollow\" title=\"WhatsApp Link\"><strong>NO SE PIERDAN NINGUNA NOTICIA<\/strong>: Click aqu\u00ed para sumarte <strong>GRATIS<\/strong> al canal de noticias de <strong>La Derecha Diario en WhatsApp.<\/strong><\/a><\/aside>\n<p>&#8220;<strong>En el gobierno de Javier Milei no hay lugar para oportunistas<\/strong>&#8220;, sostuvo Caputo, y elogi\u00f3 la actitud del sector supermercadista por <strong>priorizar el bienestar de los consumidores<\/strong>.<\/p>\n<figure><img decoding=\"async\" src=\"https:\/\/derechadiario.com.ar\/filesedc\/uploads\/image\/post\/captura-de-pantalla-2025-02-10-114329_1200_800.webp\" class=\"img-responsive lazyload\" alt=\"Un hombre con traje oscuro y corbata azul est\u00e1 hablando en un estudio de televisi\u00f3n con un fondo azul que tiene el logo de A24.\" title=\"Un hombre con traje oscuro y corbata azul est\u00e1 hablando en un estudio de televisi\u00f3n con un fondo azul que tiene el logo de A24.\"><\/figure>\n<p>Del mismo modo, el subsecretario de Defensa del Consumidor, <strong>Fernando Blanco Mui\u00f1o<\/strong>, se manifest\u00f3 en contra de los incrementos, asegurando que no exist\u00edan causas vinculadas al tipo de cambio ni a la carga impositiva que justificaran esas nuevas listas. Desde la Asociaci\u00f3n de Supermercados Unidos (ASU), reiteraron que no convalidar\u00e1n ajustes exagerados o especulativos, reafirmando su compromiso con ofrecer productos de calidad al menor precio posible.<\/p>\n<p>En sinton\u00eda con esta postura, <strong>V\u00edctor Palpacelli<\/strong>, presidente de la C\u00e1mara Argentina de Supermercados, insisti\u00f3 en la necesidad de aunar esfuerzos para renegociar condiciones con los proveedores. &#8220;<strong>Nuestro objetivo es defender al consumidor y evitar que los aumentos se trasladen a las g\u00f3ndolas<\/strong>&#8220;, remarc\u00f3.<\/p>\n","protected":false},"excerpt":{"rendered":"<p>El presidente de la C\u00e1mara Argentina de Supermercados (CAS), V\u00edctor Palpacelli, se refiri\u00f3 a la postura del sector frente a los recientes intentos de algunos proveedores de implementar\u00a0aumentos de precios. En declaraciones a una emisora radial, Palpacelli fue contundente al afirmar que las cadenas de supermercados no convalidar\u00e1n subas que provoquen una ca\u00edda del consumo. [&hellip;]<\/p>\n","protected":false},"author":2,"featured_media":2248,"comment_status":"open","ping_status":"open","sticky":false,"template":"","format":"standard","meta":{"_et_pb_use_builder":"","_et_pb_old_content":"","_et_gb_content_width":"","footnotes":""},"categories":[80],"tags":[],"class_list":["post-2247","post","type-post","status-publish","format-standard","has-post-thumbnail","hentry","category-economia-2"],"_links":{"self":[{"href":"https:\/\/verdadincomodadiario.ar\/index.php?rest_route=\/wp\/v2\/posts\/2247","targetHints":{"allow":["GET"]}}],"collection":[{"href":"https:\/\/verdadincomodadiario.ar\/index.php?rest_route=\/wp\/v2\/posts"}],"about":[{"href":"https:\/\/verdadincomodadiario.ar\/index.php?rest_route=\/wp\/v2\/types\/post"}],"author":[{"embeddable":true,"href":"https:\/\/verdadincomodadiario.ar\/index.php?rest_route=\/wp\/v2\/users\/2"}],"replies":[{"embeddable":true,"href":"https:\/\/verdadincomodadiario.ar\/index.php?rest_route=%2Fwp%2Fv2%2Fcomments&post=2247"}],"version-history":[{"count":0,"href":"https:\/\/verdadincomodadiario.ar\/index.php?rest_route=\/wp\/v2\/posts\/2247\/revisions"}],"wp:featuredmedia":[{"embeddable":true,"href":"https:\/\/verdadincomodadiario.ar\/index.php?rest_route=\/wp\/v2\/media\/2248"}],"wp:attachment":[{"href":"https:\/\/verdadincomodadiario.ar\/index.php?rest_route=%2Fwp%2Fv2%2Fmedia&parent=2247"}],"wp:term":[{"taxonomy":"category","embeddable":true,"href":"https:\/\/verdadincomodadiario.ar\/index.php?rest_route=%2Fwp%2Fv2%2Fcategories&post=2247"},{"taxonomy":"post_tag","embeddable":true,"href":"https:\/\/verdadincomodadiario.ar\/index.php?rest_route=%2Fwp%2Fv2%2Ftags&post=2247"}],"curies":[{"name":"wp","href":"https:\/\/api.w.org\/{rel}","templated":true}]}}