{"id":21511,"date":"2026-05-02T00:23:43","date_gmt":"2026-05-02T00:23:43","guid":{"rendered":"https:\/\/verdadincomodadiario.ar\/?p=21511"},"modified":"2026-05-02T00:23:43","modified_gmt":"2026-05-02T00:23:43","slug":"caputo-celebro-el-acuerdo-entre-la-ue-y-el-mercosur-es-un-activo-de-enorme-valor-estrategico","status":"publish","type":"post","link":"https:\/\/verdadincomodadiario.ar\/?p=21511","title":{"rendered":"Caputo celebr\u00f3 el acuerdo entre la UE y el Mercosur: \u201cEs un activo de enorme valor estrat\u00e9gico\u201d"},"content":{"rendered":"<p>El ministro de Econom\u00eda destac\u00f3 que el acuerdo impulsar\u00e1 exportaciones, inversiones y previsibilidad para Argentina, con la Uni\u00f3n Europea como socio estrat\u00e9gico.<\/p>\n","protected":false},"excerpt":{"rendered":"<p>El ministro de Econom\u00eda destac\u00f3 que el acuerdo impulsar\u00e1 exportaciones, inversiones y previsibilidad para Argentina, con la Uni\u00f3n Europea como socio estrat\u00e9gico.<\/p>\n","protected":false},"author":2,"featured_media":21512,"comment_status":"open","ping_status":"open","sticky":false,"template":"","format":"standard","meta":{"_et_pb_use_builder":"","_et_pb_old_content":"","_et_gb_content_width":"","footnotes":""},"categories":[81],"tags":[],"class_list":["post-21511","post","type-post","status-publish","format-standard","has-post-thumbnail","hentry","category-politica"],"_links":{"self":[{"href":"https:\/\/verdadincomodadiario.ar\/index.php?rest_route=\/wp\/v2\/posts\/21511","targetHints":{"allow":["GET"]}}],"collection":[{"href":"https:\/\/verdadincomodadiario.ar\/index.php?rest_route=\/wp\/v2\/posts"}],"about":[{"href":"https:\/\/verdadincomodadiario.ar\/index.php?rest_route=\/wp\/v2\/types\/post"}],"author":[{"embeddable":true,"href":"https:\/\/verdadincomodadiario.ar\/index.php?rest_route=\/wp\/v2\/users\/2"}],"replies":[{"embeddable":true,"href":"https:\/\/verdadincomodadiario.ar\/index.php?rest_route=%2Fwp%2Fv2%2Fcomments&post=21511"}],"version-history":[{"count":0,"href":"https:\/\/verdadincomodadiario.ar\/index.php?rest_route=\/wp\/v2\/posts\/21511\/revisions"}],"wp:featuredmedia":[{"embeddable":true,"href":"https:\/\/verdadincomodadiario.ar\/index.php?rest_route=\/wp\/v2\/media\/21512"}],"wp:attachment":[{"href":"https:\/\/verdadincomodadiario.ar\/index.php?rest_route=%2Fwp%2Fv2%2Fmedia&parent=21511"}],"wp:term":[{"taxonomy":"category","embeddable":true,"href":"https:\/\/verdadincomodadiario.ar\/index.php?rest_route=%2Fwp%2Fv2%2Fcategories&post=21511"},{"taxonomy":"post_tag","embeddable":true,"href":"https:\/\/verdadincomodadiario.ar\/index.php?rest_route=%2Fwp%2Fv2%2Ftags&post=21511"}],"curies":[{"name":"wp","href":"https:\/\/api.w.org\/{rel}","templated":true}]}}