{"id":21505,"date":"2026-05-01T23:24:07","date_gmt":"2026-05-01T23:24:07","guid":{"rendered":"https:\/\/verdadincomodadiario.ar\/?p=21505"},"modified":"2026-05-01T23:24:07","modified_gmt":"2026-05-01T23:24:07","slug":"javier-milei-hablo-con-el-primer-ministro-de-canada-para-avanzar-en-la-agenda-economica-bilateral-y-regional","status":"publish","type":"post","link":"https:\/\/verdadincomodadiario.ar\/?p=21505","title":{"rendered":"Javier Milei habl\u00f3 con el primer ministro de Canad\u00e1 para avanzar en la agenda econ\u00f3mica bilateral y regional"},"content":{"rendered":"<p>La llamada se dio en medio del avance del acuerdo Mercosur-UE y nuevas negociaciones comerciales.<\/p>\n","protected":false},"excerpt":{"rendered":"<p>La llamada se dio en medio del avance del acuerdo Mercosur-UE y nuevas negociaciones comerciales.<\/p>\n","protected":false},"author":2,"featured_media":21506,"comment_status":"open","ping_status":"open","sticky":false,"template":"","format":"standard","meta":{"_et_pb_use_builder":"","_et_pb_old_content":"","_et_gb_content_width":"","footnotes":""},"categories":[79,1606,1026],"tags":[],"class_list":["post-21505","post","type-post","status-publish","format-standard","has-post-thumbnail","hentry","category-internacionales","category-javier","category-milei"],"_links":{"self":[{"href":"https:\/\/verdadincomodadiario.ar\/index.php?rest_route=\/wp\/v2\/posts\/21505","targetHints":{"allow":["GET"]}}],"collection":[{"href":"https:\/\/verdadincomodadiario.ar\/index.php?rest_route=\/wp\/v2\/posts"}],"about":[{"href":"https:\/\/verdadincomodadiario.ar\/index.php?rest_route=\/wp\/v2\/types\/post"}],"author":[{"embeddable":true,"href":"https:\/\/verdadincomodadiario.ar\/index.php?rest_route=\/wp\/v2\/users\/2"}],"replies":[{"embeddable":true,"href":"https:\/\/verdadincomodadiario.ar\/index.php?rest_route=%2Fwp%2Fv2%2Fcomments&post=21505"}],"version-history":[{"count":0,"href":"https:\/\/verdadincomodadiario.ar\/index.php?rest_route=\/wp\/v2\/posts\/21505\/revisions"}],"wp:featuredmedia":[{"embeddable":true,"href":"https:\/\/verdadincomodadiario.ar\/index.php?rest_route=\/wp\/v2\/media\/21506"}],"wp:attachment":[{"href":"https:\/\/verdadincomodadiario.ar\/index.php?rest_route=%2Fwp%2Fv2%2Fmedia&parent=21505"}],"wp:term":[{"taxonomy":"category","embeddable":true,"href":"https:\/\/verdadincomodadiario.ar\/index.php?rest_route=%2Fwp%2Fv2%2Fcategories&post=21505"},{"taxonomy":"post_tag","embeddable":true,"href":"https:\/\/verdadincomodadiario.ar\/index.php?rest_route=%2Fwp%2Fv2%2Ftags&post=21505"}],"curies":[{"name":"wp","href":"https:\/\/api.w.org\/{rel}","templated":true}]}}