{"id":21499,"date":"2026-05-01T21:24:00","date_gmt":"2026-05-01T21:24:00","guid":{"rendered":"https:\/\/verdadincomodadiario.ar\/?p=21499"},"modified":"2026-05-01T21:24:00","modified_gmt":"2026-05-01T21:24:00","slug":"donald-trump-acuso-a-pedro-sanchez-de-querer-que-iran-tenga-armas-nucleares","status":"publish","type":"post","link":"https:\/\/verdadincomodadiario.ar\/?p=21499","title":{"rendered":"Donald Trump acus\u00f3 a Pedro Sanchez de querer que Ir\u00e1n tenga armas nucleares"},"content":{"rendered":"<p>El presidente de Estados Unidos critic\u00f3 duramente al gobierno espa\u00f1ol y cuestion\u00f3 su postura frente al conflicto internacional.<\/p>\n","protected":false},"excerpt":{"rendered":"<p>El presidente de Estados Unidos critic\u00f3 duramente al gobierno espa\u00f1ol y cuestion\u00f3 su postura frente al conflicto internacional.<\/p>\n","protected":false},"author":2,"featured_media":21500,"comment_status":"open","ping_status":"open","sticky":false,"template":"","format":"standard","meta":{"_et_pb_use_builder":"","_et_pb_old_content":"","_et_gb_content_width":"","footnotes":""},"categories":[118,79,65],"tags":[],"class_list":["post-21499","post","type-post","status-publish","format-standard","has-post-thumbnail","hentry","category-donald","category-internacionales","category-trump"],"_links":{"self":[{"href":"https:\/\/verdadincomodadiario.ar\/index.php?rest_route=\/wp\/v2\/posts\/21499","targetHints":{"allow":["GET"]}}],"collection":[{"href":"https:\/\/verdadincomodadiario.ar\/index.php?rest_route=\/wp\/v2\/posts"}],"about":[{"href":"https:\/\/verdadincomodadiario.ar\/index.php?rest_route=\/wp\/v2\/types\/post"}],"author":[{"embeddable":true,"href":"https:\/\/verdadincomodadiario.ar\/index.php?rest_route=\/wp\/v2\/users\/2"}],"replies":[{"embeddable":true,"href":"https:\/\/verdadincomodadiario.ar\/index.php?rest_route=%2Fwp%2Fv2%2Fcomments&post=21499"}],"version-history":[{"count":0,"href":"https:\/\/verdadincomodadiario.ar\/index.php?rest_route=\/wp\/v2\/posts\/21499\/revisions"}],"wp:featuredmedia":[{"embeddable":true,"href":"https:\/\/verdadincomodadiario.ar\/index.php?rest_route=\/wp\/v2\/media\/21500"}],"wp:attachment":[{"href":"https:\/\/verdadincomodadiario.ar\/index.php?rest_route=%2Fwp%2Fv2%2Fmedia&parent=21499"}],"wp:term":[{"taxonomy":"category","embeddable":true,"href":"https:\/\/verdadincomodadiario.ar\/index.php?rest_route=%2Fwp%2Fv2%2Fcategories&post=21499"},{"taxonomy":"post_tag","embeddable":true,"href":"https:\/\/verdadincomodadiario.ar\/index.php?rest_route=%2Fwp%2Fv2%2Ftags&post=21499"}],"curies":[{"name":"wp","href":"https:\/\/api.w.org\/{rel}","templated":true}]}}