{"id":21493,"date":"2026-05-01T20:24:12","date_gmt":"2026-05-01T20:24:12","guid":{"rendered":"https:\/\/verdadincomodadiario.ar\/?p=21493"},"modified":"2026-05-01T20:24:12","modified_gmt":"2026-05-01T20:24:12","slug":"la-feminista-debora-plager-confeso-que-el-aborto-es-un-asesinato-tras-haberlo-defendido-en-el-congreso","status":"publish","type":"post","link":"https:\/\/verdadincomodadiario.ar\/?p=21493","title":{"rendered":"La feminista D\u00e9bora Plager confes\u00f3 que el aborto es un asesinato tras haberlo defendido en el Congreso"},"content":{"rendered":"<p>Plager estall\u00f3 ante la realidad del caso de Villa Ballester afirmando que: &#8220;A los 8 meses es un asesinato&#8230;es un crimen&#8221;<\/p>\n","protected":false},"excerpt":{"rendered":"<p>Plager estall\u00f3 ante la realidad del caso de Villa Ballester afirmando que: &#8220;A los 8 meses es un asesinato&#8230;es un crimen&#8221;<\/p>\n","protected":false},"author":2,"featured_media":21494,"comment_status":"open","ping_status":"open","sticky":false,"template":"","format":"standard","meta":{"_et_pb_use_builder":"","_et_pb_old_content":"","_et_gb_content_width":"","footnotes":""},"categories":[81],"tags":[],"class_list":["post-21493","post","type-post","status-publish","format-standard","has-post-thumbnail","hentry","category-politica"],"_links":{"self":[{"href":"https:\/\/verdadincomodadiario.ar\/index.php?rest_route=\/wp\/v2\/posts\/21493","targetHints":{"allow":["GET"]}}],"collection":[{"href":"https:\/\/verdadincomodadiario.ar\/index.php?rest_route=\/wp\/v2\/posts"}],"about":[{"href":"https:\/\/verdadincomodadiario.ar\/index.php?rest_route=\/wp\/v2\/types\/post"}],"author":[{"embeddable":true,"href":"https:\/\/verdadincomodadiario.ar\/index.php?rest_route=\/wp\/v2\/users\/2"}],"replies":[{"embeddable":true,"href":"https:\/\/verdadincomodadiario.ar\/index.php?rest_route=%2Fwp%2Fv2%2Fcomments&post=21493"}],"version-history":[{"count":0,"href":"https:\/\/verdadincomodadiario.ar\/index.php?rest_route=\/wp\/v2\/posts\/21493\/revisions"}],"wp:featuredmedia":[{"embeddable":true,"href":"https:\/\/verdadincomodadiario.ar\/index.php?rest_route=\/wp\/v2\/media\/21494"}],"wp:attachment":[{"href":"https:\/\/verdadincomodadiario.ar\/index.php?rest_route=%2Fwp%2Fv2%2Fmedia&parent=21493"}],"wp:term":[{"taxonomy":"category","embeddable":true,"href":"https:\/\/verdadincomodadiario.ar\/index.php?rest_route=%2Fwp%2Fv2%2Fcategories&post=21493"},{"taxonomy":"post_tag","embeddable":true,"href":"https:\/\/verdadincomodadiario.ar\/index.php?rest_route=%2Fwp%2Fv2%2Ftags&post=21493"}],"curies":[{"name":"wp","href":"https:\/\/api.w.org\/{rel}","templated":true}]}}