{"id":21485,"date":"2026-05-01T19:24:18","date_gmt":"2026-05-01T19:24:18","guid":{"rendered":"https:\/\/verdadincomodadiario.ar\/?p=21485"},"modified":"2026-05-01T19:24:18","modified_gmt":"2026-05-01T19:24:18","slug":"la-fuerza-aerea-argentina-anuncio-la-incorporacion-de-los-aviones-reabastecedores-kc-135-stratotanker","status":"publish","type":"post","link":"https:\/\/verdadincomodadiario.ar\/?p=21485","title":{"rendered":"La Fuerza A\u00e9rea Argentina anunci\u00f3 la incorporaci\u00f3n de los aviones reabastecedores KC-135 Stratotanker"},"content":{"rendered":"<p>La incorporaci\u00f3n busca potenciar el alcance de los cazas F-16 y recuperar funciones estrat\u00e9gicas perdidas.<\/p>\n","protected":false},"excerpt":{"rendered":"<p>La incorporaci\u00f3n busca potenciar el alcance de los cazas F-16 y recuperar funciones estrat\u00e9gicas perdidas.<\/p>\n","protected":false},"author":2,"featured_media":21486,"comment_status":"open","ping_status":"open","sticky":false,"template":"","format":"standard","meta":{"_et_pb_use_builder":"","_et_pb_old_content":"","_et_gb_content_width":"","footnotes":""},"categories":[81],"tags":[],"class_list":["post-21485","post","type-post","status-publish","format-standard","has-post-thumbnail","hentry","category-politica"],"_links":{"self":[{"href":"https:\/\/verdadincomodadiario.ar\/index.php?rest_route=\/wp\/v2\/posts\/21485","targetHints":{"allow":["GET"]}}],"collection":[{"href":"https:\/\/verdadincomodadiario.ar\/index.php?rest_route=\/wp\/v2\/posts"}],"about":[{"href":"https:\/\/verdadincomodadiario.ar\/index.php?rest_route=\/wp\/v2\/types\/post"}],"author":[{"embeddable":true,"href":"https:\/\/verdadincomodadiario.ar\/index.php?rest_route=\/wp\/v2\/users\/2"}],"replies":[{"embeddable":true,"href":"https:\/\/verdadincomodadiario.ar\/index.php?rest_route=%2Fwp%2Fv2%2Fcomments&post=21485"}],"version-history":[{"count":0,"href":"https:\/\/verdadincomodadiario.ar\/index.php?rest_route=\/wp\/v2\/posts\/21485\/revisions"}],"wp:featuredmedia":[{"embeddable":true,"href":"https:\/\/verdadincomodadiario.ar\/index.php?rest_route=\/wp\/v2\/media\/21486"}],"wp:attachment":[{"href":"https:\/\/verdadincomodadiario.ar\/index.php?rest_route=%2Fwp%2Fv2%2Fmedia&parent=21485"}],"wp:term":[{"taxonomy":"category","embeddable":true,"href":"https:\/\/verdadincomodadiario.ar\/index.php?rest_route=%2Fwp%2Fv2%2Fcategories&post=21485"},{"taxonomy":"post_tag","embeddable":true,"href":"https:\/\/verdadincomodadiario.ar\/index.php?rest_route=%2Fwp%2Fv2%2Ftags&post=21485"}],"curies":[{"name":"wp","href":"https:\/\/api.w.org\/{rel}","templated":true}]}}