{"id":21483,"date":"2026-05-01T18:23:59","date_gmt":"2026-05-01T18:23:59","guid":{"rendered":"https:\/\/verdadincomodadiario.ar\/?p=21483"},"modified":"2026-05-01T18:23:59","modified_gmt":"2026-05-01T18:23:59","slug":"el-gobierno-de-milei-ya-elimino-mas-de-67-000-empleos-publicos-y-avanza-en-la-baja-del-gasto","status":"publish","type":"post","link":"https:\/\/verdadincomodadiario.ar\/?p=21483","title":{"rendered":"El Gobierno de Milei ya elimin\u00f3 m\u00e1s de 67.000 empleos p\u00fablicos y avanza en la baja del gasto"},"content":{"rendered":"<p>Se busca reducir el empleo estatal para bajar el gasto p\u00fablico y avanzar hacia la reducci\u00f3n de impuestos.<\/p>\n","protected":false},"excerpt":{"rendered":"<p>Se busca reducir el empleo estatal para bajar el gasto p\u00fablico y avanzar hacia la reducci\u00f3n de impuestos.<\/p>\n","protected":false},"author":2,"featured_media":21484,"comment_status":"open","ping_status":"open","sticky":false,"template":"","format":"standard","meta":{"_et_pb_use_builder":"","_et_pb_old_content":"","_et_gb_content_width":"","footnotes":""},"categories":[81],"tags":[],"class_list":["post-21483","post","type-post","status-publish","format-standard","has-post-thumbnail","hentry","category-politica"],"_links":{"self":[{"href":"https:\/\/verdadincomodadiario.ar\/index.php?rest_route=\/wp\/v2\/posts\/21483","targetHints":{"allow":["GET"]}}],"collection":[{"href":"https:\/\/verdadincomodadiario.ar\/index.php?rest_route=\/wp\/v2\/posts"}],"about":[{"href":"https:\/\/verdadincomodadiario.ar\/index.php?rest_route=\/wp\/v2\/types\/post"}],"author":[{"embeddable":true,"href":"https:\/\/verdadincomodadiario.ar\/index.php?rest_route=\/wp\/v2\/users\/2"}],"replies":[{"embeddable":true,"href":"https:\/\/verdadincomodadiario.ar\/index.php?rest_route=%2Fwp%2Fv2%2Fcomments&post=21483"}],"version-history":[{"count":0,"href":"https:\/\/verdadincomodadiario.ar\/index.php?rest_route=\/wp\/v2\/posts\/21483\/revisions"}],"wp:featuredmedia":[{"embeddable":true,"href":"https:\/\/verdadincomodadiario.ar\/index.php?rest_route=\/wp\/v2\/media\/21484"}],"wp:attachment":[{"href":"https:\/\/verdadincomodadiario.ar\/index.php?rest_route=%2Fwp%2Fv2%2Fmedia&parent=21483"}],"wp:term":[{"taxonomy":"category","embeddable":true,"href":"https:\/\/verdadincomodadiario.ar\/index.php?rest_route=%2Fwp%2Fv2%2Fcategories&post=21483"},{"taxonomy":"post_tag","embeddable":true,"href":"https:\/\/verdadincomodadiario.ar\/index.php?rest_route=%2Fwp%2Fv2%2Ftags&post=21483"}],"curies":[{"name":"wp","href":"https:\/\/api.w.org\/{rel}","templated":true}]}}