{"id":21475,"date":"2026-05-01T14:24:31","date_gmt":"2026-05-01T14:24:31","guid":{"rendered":"https:\/\/verdadincomodadiario.ar\/?p=21475"},"modified":"2026-05-01T14:24:31","modified_gmt":"2026-05-01T14:24:31","slug":"israel-despliega-tecnologia-laser-en-emiratos-para-frenar-ataques-de-iran","status":"publish","type":"post","link":"https:\/\/verdadincomodadiario.ar\/?p=21475","title":{"rendered":"Israel despliega tecnolog\u00eda l\u00e1ser en Emiratos para frenar ataques de Ir\u00e1n"},"content":{"rendered":"<p>El despliegue de tecnolog\u00eda avanzada refuerza la alianza estrat\u00e9gica en Medio Oriente y mejora la defensa frente a drones y misiles iran\u00edes.<\/p>\n","protected":false},"excerpt":{"rendered":"<p>El despliegue de tecnolog\u00eda avanzada refuerza la alianza estrat\u00e9gica en Medio Oriente y mejora la defensa frente a drones y misiles iran\u00edes.<\/p>\n","protected":false},"author":2,"featured_media":21476,"comment_status":"open","ping_status":"open","sticky":false,"template":"","format":"standard","meta":{"_et_pb_use_builder":"","_et_pb_old_content":"","_et_gb_content_width":"","footnotes":""},"categories":[936,79,61],"tags":[],"class_list":["post-21475","post","type-post","status-publish","format-standard","has-post-thumbnail","hentry","category-despliega","category-internacionales","category-israel"],"_links":{"self":[{"href":"https:\/\/verdadincomodadiario.ar\/index.php?rest_route=\/wp\/v2\/posts\/21475","targetHints":{"allow":["GET"]}}],"collection":[{"href":"https:\/\/verdadincomodadiario.ar\/index.php?rest_route=\/wp\/v2\/posts"}],"about":[{"href":"https:\/\/verdadincomodadiario.ar\/index.php?rest_route=\/wp\/v2\/types\/post"}],"author":[{"embeddable":true,"href":"https:\/\/verdadincomodadiario.ar\/index.php?rest_route=\/wp\/v2\/users\/2"}],"replies":[{"embeddable":true,"href":"https:\/\/verdadincomodadiario.ar\/index.php?rest_route=%2Fwp%2Fv2%2Fcomments&post=21475"}],"version-history":[{"count":0,"href":"https:\/\/verdadincomodadiario.ar\/index.php?rest_route=\/wp\/v2\/posts\/21475\/revisions"}],"wp:featuredmedia":[{"embeddable":true,"href":"https:\/\/verdadincomodadiario.ar\/index.php?rest_route=\/wp\/v2\/media\/21476"}],"wp:attachment":[{"href":"https:\/\/verdadincomodadiario.ar\/index.php?rest_route=%2Fwp%2Fv2%2Fmedia&parent=21475"}],"wp:term":[{"taxonomy":"category","embeddable":true,"href":"https:\/\/verdadincomodadiario.ar\/index.php?rest_route=%2Fwp%2Fv2%2Fcategories&post=21475"},{"taxonomy":"post_tag","embeddable":true,"href":"https:\/\/verdadincomodadiario.ar\/index.php?rest_route=%2Fwp%2Fv2%2Ftags&post=21475"}],"curies":[{"name":"wp","href":"https:\/\/api.w.org\/{rel}","templated":true}]}}