{"id":21473,"date":"2026-05-01T14:24:32","date_gmt":"2026-05-01T14:24:32","guid":{"rendered":"https:\/\/verdadincomodadiario.ar\/?p=21473"},"modified":"2026-05-01T14:24:32","modified_gmt":"2026-05-01T14:24:32","slug":"jair-bolsonaro-fue-internado-nuevamente-y-sera-operado-del-hombro-en-brasilia","status":"publish","type":"post","link":"https:\/\/verdadincomodadiario.ar\/?p=21473","title":{"rendered":"Jair Bolsonaro fue internado nuevamente y ser\u00e1 operado del hombro en Brasilia"},"content":{"rendered":"<p>El ex presidente brasile\u00f1o fue trasladado a un hospital en Brasilia para someterse a una intervenci\u00f3n en el hombro derecho tras una lesi\u00f3n grave.<\/p>\n","protected":false},"excerpt":{"rendered":"<p>El ex presidente brasile\u00f1o fue trasladado a un hospital en Brasilia para someterse a una intervenci\u00f3n en el hombro derecho tras una lesi\u00f3n grave.<\/p>\n","protected":false},"author":2,"featured_media":21474,"comment_status":"open","ping_status":"open","sticky":false,"template":"","format":"standard","meta":{"_et_pb_use_builder":"","_et_pb_old_content":"","_et_gb_content_width":"","footnotes":""},"categories":[135,79,350],"tags":[],"class_list":["post-21473","post","type-post","status-publish","format-standard","has-post-thumbnail","hentry","category-bolsonaro","category-internacionales","category-internado"],"_links":{"self":[{"href":"https:\/\/verdadincomodadiario.ar\/index.php?rest_route=\/wp\/v2\/posts\/21473","targetHints":{"allow":["GET"]}}],"collection":[{"href":"https:\/\/verdadincomodadiario.ar\/index.php?rest_route=\/wp\/v2\/posts"}],"about":[{"href":"https:\/\/verdadincomodadiario.ar\/index.php?rest_route=\/wp\/v2\/types\/post"}],"author":[{"embeddable":true,"href":"https:\/\/verdadincomodadiario.ar\/index.php?rest_route=\/wp\/v2\/users\/2"}],"replies":[{"embeddable":true,"href":"https:\/\/verdadincomodadiario.ar\/index.php?rest_route=%2Fwp%2Fv2%2Fcomments&post=21473"}],"version-history":[{"count":0,"href":"https:\/\/verdadincomodadiario.ar\/index.php?rest_route=\/wp\/v2\/posts\/21473\/revisions"}],"wp:featuredmedia":[{"embeddable":true,"href":"https:\/\/verdadincomodadiario.ar\/index.php?rest_route=\/wp\/v2\/media\/21474"}],"wp:attachment":[{"href":"https:\/\/verdadincomodadiario.ar\/index.php?rest_route=%2Fwp%2Fv2%2Fmedia&parent=21473"}],"wp:term":[{"taxonomy":"category","embeddable":true,"href":"https:\/\/verdadincomodadiario.ar\/index.php?rest_route=%2Fwp%2Fv2%2Fcategories&post=21473"},{"taxonomy":"post_tag","embeddable":true,"href":"https:\/\/verdadincomodadiario.ar\/index.php?rest_route=%2Fwp%2Fv2%2Ftags&post=21473"}],"curies":[{"name":"wp","href":"https:\/\/api.w.org\/{rel}","templated":true}]}}