{"id":21467,"date":"2026-05-01T05:25:22","date_gmt":"2026-05-01T05:25:22","guid":{"rendered":"https:\/\/verdadincomodadiario.ar\/?p=21467"},"modified":"2026-05-01T05:25:22","modified_gmt":"2026-05-01T05:25:22","slug":"el-reino-unido-elevo-su-nivel-de-amenaza-terrorista-tras-un-ataque-antisemita-en-londres","status":"publish","type":"post","link":"https:\/\/verdadincomodadiario.ar\/?p=21467","title":{"rendered":"El Reino Unido elev\u00f3 su nivel de amenaza terrorista tras un ataque antisemita en Londres"},"content":{"rendered":"<p>El gobierno laborista de Keir Starmer anunci\u00f3 la recategorizaci\u00f3n del nivel de alerta y anunci\u00f3 nuevas medidas para la seguridad de la comunidad jud\u00eda.<\/p>\n","protected":false},"excerpt":{"rendered":"<p>El gobierno laborista de Keir Starmer anunci\u00f3 la recategorizaci\u00f3n del nivel de alerta y anunci\u00f3 nuevas medidas para la seguridad de la comunidad jud\u00eda.<\/p>\n","protected":false},"author":2,"featured_media":21468,"comment_status":"open","ping_status":"open","sticky":false,"template":"","format":"standard","meta":{"_et_pb_use_builder":"","_et_pb_old_content":"","_et_gb_content_width":"","footnotes":""},"categories":[79,258,259],"tags":[],"class_list":["post-21467","post","type-post","status-publish","format-standard","has-post-thumbnail","hentry","category-internacionales","category-reino","category-unido"],"_links":{"self":[{"href":"https:\/\/verdadincomodadiario.ar\/index.php?rest_route=\/wp\/v2\/posts\/21467","targetHints":{"allow":["GET"]}}],"collection":[{"href":"https:\/\/verdadincomodadiario.ar\/index.php?rest_route=\/wp\/v2\/posts"}],"about":[{"href":"https:\/\/verdadincomodadiario.ar\/index.php?rest_route=\/wp\/v2\/types\/post"}],"author":[{"embeddable":true,"href":"https:\/\/verdadincomodadiario.ar\/index.php?rest_route=\/wp\/v2\/users\/2"}],"replies":[{"embeddable":true,"href":"https:\/\/verdadincomodadiario.ar\/index.php?rest_route=%2Fwp%2Fv2%2Fcomments&post=21467"}],"version-history":[{"count":0,"href":"https:\/\/verdadincomodadiario.ar\/index.php?rest_route=\/wp\/v2\/posts\/21467\/revisions"}],"wp:featuredmedia":[{"embeddable":true,"href":"https:\/\/verdadincomodadiario.ar\/index.php?rest_route=\/wp\/v2\/media\/21468"}],"wp:attachment":[{"href":"https:\/\/verdadincomodadiario.ar\/index.php?rest_route=%2Fwp%2Fv2%2Fmedia&parent=21467"}],"wp:term":[{"taxonomy":"category","embeddable":true,"href":"https:\/\/verdadincomodadiario.ar\/index.php?rest_route=%2Fwp%2Fv2%2Fcategories&post=21467"},{"taxonomy":"post_tag","embeddable":true,"href":"https:\/\/verdadincomodadiario.ar\/index.php?rest_route=%2Fwp%2Fv2%2Ftags&post=21467"}],"curies":[{"name":"wp","href":"https:\/\/api.w.org\/{rel}","templated":true}]}}