{"id":21463,"date":"2026-05-01T03:23:38","date_gmt":"2026-05-01T03:23:38","guid":{"rendered":"https:\/\/verdadincomodadiario.ar\/?p=21463"},"modified":"2026-05-01T03:23:38","modified_gmt":"2026-05-01T03:23:38","slug":"trump-analiza-retirar-las-tropas-estadounidenses-de-espana-e-italia-debido-a-la-falta-de-apoyo-en-el-estrecho-de-ormuz","status":"publish","type":"post","link":"https:\/\/verdadincomodadiario.ar\/?p=21463","title":{"rendered":"Trump analiza retirar las tropas estadounidenses de Espa\u00f1a e Italia debido a la falta de apoyo en el Estrecho de Ormuz"},"content":{"rendered":"<p>El presidente tambi\u00e9n arremeti\u00f3 contra el canciller Merz y puso en duda la presencia militar de EEUU en Alemania.<\/p>\n","protected":false},"excerpt":{"rendered":"<p>El presidente tambi\u00e9n arremeti\u00f3 contra el canciller Merz y puso en duda la presencia militar de EEUU en Alemania.<\/p>\n","protected":false},"author":2,"featured_media":21464,"comment_status":"open","ping_status":"open","sticky":false,"template":"","format":"standard","meta":{"_et_pb_use_builder":"","_et_pb_old_content":"","_et_gb_content_width":"","footnotes":""},"categories":[397,79,65],"tags":[],"class_list":["post-21463","post","type-post","status-publish","format-standard","has-post-thumbnail","hentry","category-analiza","category-internacionales","category-trump"],"_links":{"self":[{"href":"https:\/\/verdadincomodadiario.ar\/index.php?rest_route=\/wp\/v2\/posts\/21463","targetHints":{"allow":["GET"]}}],"collection":[{"href":"https:\/\/verdadincomodadiario.ar\/index.php?rest_route=\/wp\/v2\/posts"}],"about":[{"href":"https:\/\/verdadincomodadiario.ar\/index.php?rest_route=\/wp\/v2\/types\/post"}],"author":[{"embeddable":true,"href":"https:\/\/verdadincomodadiario.ar\/index.php?rest_route=\/wp\/v2\/users\/2"}],"replies":[{"embeddable":true,"href":"https:\/\/verdadincomodadiario.ar\/index.php?rest_route=%2Fwp%2Fv2%2Fcomments&post=21463"}],"version-history":[{"count":0,"href":"https:\/\/verdadincomodadiario.ar\/index.php?rest_route=\/wp\/v2\/posts\/21463\/revisions"}],"wp:featuredmedia":[{"embeddable":true,"href":"https:\/\/verdadincomodadiario.ar\/index.php?rest_route=\/wp\/v2\/media\/21464"}],"wp:attachment":[{"href":"https:\/\/verdadincomodadiario.ar\/index.php?rest_route=%2Fwp%2Fv2%2Fmedia&parent=21463"}],"wp:term":[{"taxonomy":"category","embeddable":true,"href":"https:\/\/verdadincomodadiario.ar\/index.php?rest_route=%2Fwp%2Fv2%2Fcategories&post=21463"},{"taxonomy":"post_tag","embeddable":true,"href":"https:\/\/verdadincomodadiario.ar\/index.php?rest_route=%2Fwp%2Fv2%2Ftags&post=21463"}],"curies":[{"name":"wp","href":"https:\/\/api.w.org\/{rel}","templated":true}]}}