{"id":21459,"date":"2026-05-01T02:24:19","date_gmt":"2026-05-01T02:24:19","guid":{"rendered":"https:\/\/verdadincomodadiario.ar\/?p=21459"},"modified":"2026-05-01T02:24:19","modified_gmt":"2026-05-01T02:24:19","slug":"caputo-se-reunio-con-la-reina-maxima-zorreguieta-en-la-previa-al-foro-llao-llao","status":"publish","type":"post","link":"https:\/\/verdadincomodadiario.ar\/?p=21459","title":{"rendered":"Caputo se reuni\u00f3 con la reina M\u00e1xima Zorreguieta en la previa al Foro Llao Llao"},"content":{"rendered":"<p>El ministro de Econom\u00eda mantuvo un encuentro con la reina M\u00e1xima de Holanda en Bariloche antes de exponer ante empresarios y referentes del mundo de los negocios.<\/p>\n","protected":false},"excerpt":{"rendered":"<p>El ministro de Econom\u00eda mantuvo un encuentro con la reina M\u00e1xima de Holanda en Bariloche antes de exponer ante empresarios y referentes del mundo de los negocios.<\/p>\n","protected":false},"author":2,"featured_media":21460,"comment_status":"open","ping_status":"open","sticky":false,"template":"","format":"standard","meta":{"_et_pb_use_builder":"","_et_pb_old_content":"","_et_gb_content_width":"","footnotes":""},"categories":[81],"tags":[],"class_list":["post-21459","post","type-post","status-publish","format-standard","has-post-thumbnail","hentry","category-politica"],"_links":{"self":[{"href":"https:\/\/verdadincomodadiario.ar\/index.php?rest_route=\/wp\/v2\/posts\/21459","targetHints":{"allow":["GET"]}}],"collection":[{"href":"https:\/\/verdadincomodadiario.ar\/index.php?rest_route=\/wp\/v2\/posts"}],"about":[{"href":"https:\/\/verdadincomodadiario.ar\/index.php?rest_route=\/wp\/v2\/types\/post"}],"author":[{"embeddable":true,"href":"https:\/\/verdadincomodadiario.ar\/index.php?rest_route=\/wp\/v2\/users\/2"}],"replies":[{"embeddable":true,"href":"https:\/\/verdadincomodadiario.ar\/index.php?rest_route=%2Fwp%2Fv2%2Fcomments&post=21459"}],"version-history":[{"count":0,"href":"https:\/\/verdadincomodadiario.ar\/index.php?rest_route=\/wp\/v2\/posts\/21459\/revisions"}],"wp:featuredmedia":[{"embeddable":true,"href":"https:\/\/verdadincomodadiario.ar\/index.php?rest_route=\/wp\/v2\/media\/21460"}],"wp:attachment":[{"href":"https:\/\/verdadincomodadiario.ar\/index.php?rest_route=%2Fwp%2Fv2%2Fmedia&parent=21459"}],"wp:term":[{"taxonomy":"category","embeddable":true,"href":"https:\/\/verdadincomodadiario.ar\/index.php?rest_route=%2Fwp%2Fv2%2Fcategories&post=21459"},{"taxonomy":"post_tag","embeddable":true,"href":"https:\/\/verdadincomodadiario.ar\/index.php?rest_route=%2Fwp%2Fv2%2Ftags&post=21459"}],"curies":[{"name":"wp","href":"https:\/\/api.w.org\/{rel}","templated":true}]}}