{"id":21451,"date":"2026-05-01T00:24:23","date_gmt":"2026-05-01T00:24:23","guid":{"rendered":"https:\/\/verdadincomodadiario.ar\/?p=21451"},"modified":"2026-05-01T00:24:23","modified_gmt":"2026-05-01T00:24:23","slug":"peter-lamelas-sobre-la-visita-de-milei-al-uss-nimitz-estamos-en-una-nueva-era-de-relacion-bilateral","status":"publish","type":"post","link":"https:\/\/verdadincomodadiario.ar\/?p=21451","title":{"rendered":"Peter Lamelas sobre la visita de Milei al USS Nimitz: \u201cEstamos en una nueva era de relaci\u00f3n bilateral\u201d"},"content":{"rendered":"<p>El diplom\u00e1tico destac\u00f3 que la visita de Milei al USS Nimitz confirma una alineaci\u00f3n estrat\u00e9gica profunda entre EEUU y Argentina<\/p>\n","protected":false},"excerpt":{"rendered":"<p>El diplom\u00e1tico destac\u00f3 que la visita de Milei al USS Nimitz confirma una alineaci\u00f3n estrat\u00e9gica profunda entre EEUU y Argentina<\/p>\n","protected":false},"author":2,"featured_media":21452,"comment_status":"open","ping_status":"open","sticky":false,"template":"","format":"standard","meta":{"_et_pb_use_builder":"","_et_pb_old_content":"","_et_gb_content_width":"","footnotes":""},"categories":[81],"tags":[],"class_list":["post-21451","post","type-post","status-publish","format-standard","has-post-thumbnail","hentry","category-politica"],"_links":{"self":[{"href":"https:\/\/verdadincomodadiario.ar\/index.php?rest_route=\/wp\/v2\/posts\/21451","targetHints":{"allow":["GET"]}}],"collection":[{"href":"https:\/\/verdadincomodadiario.ar\/index.php?rest_route=\/wp\/v2\/posts"}],"about":[{"href":"https:\/\/verdadincomodadiario.ar\/index.php?rest_route=\/wp\/v2\/types\/post"}],"author":[{"embeddable":true,"href":"https:\/\/verdadincomodadiario.ar\/index.php?rest_route=\/wp\/v2\/users\/2"}],"replies":[{"embeddable":true,"href":"https:\/\/verdadincomodadiario.ar\/index.php?rest_route=%2Fwp%2Fv2%2Fcomments&post=21451"}],"version-history":[{"count":0,"href":"https:\/\/verdadincomodadiario.ar\/index.php?rest_route=\/wp\/v2\/posts\/21451\/revisions"}],"wp:featuredmedia":[{"embeddable":true,"href":"https:\/\/verdadincomodadiario.ar\/index.php?rest_route=\/wp\/v2\/media\/21452"}],"wp:attachment":[{"href":"https:\/\/verdadincomodadiario.ar\/index.php?rest_route=%2Fwp%2Fv2%2Fmedia&parent=21451"}],"wp:term":[{"taxonomy":"category","embeddable":true,"href":"https:\/\/verdadincomodadiario.ar\/index.php?rest_route=%2Fwp%2Fv2%2Fcategories&post=21451"},{"taxonomy":"post_tag","embeddable":true,"href":"https:\/\/verdadincomodadiario.ar\/index.php?rest_route=%2Fwp%2Fv2%2Ftags&post=21451"}],"curies":[{"name":"wp","href":"https:\/\/api.w.org\/{rel}","templated":true}]}}