{"id":21383,"date":"2026-04-30T04:23:51","date_gmt":"2026-04-30T04:23:51","guid":{"rendered":"https:\/\/verdadincomodadiario.ar\/?p=21383"},"modified":"2026-04-30T04:23:51","modified_gmt":"2026-04-30T04:23:51","slug":"el-presidente-interino-comunista-de-peru-bajo-fuego-por-declaraciones-antisemitas","status":"publish","type":"post","link":"https:\/\/verdadincomodadiario.ar\/?p=21383","title":{"rendered":"El presidente interino comunista de Per\u00fa bajo fuego por declaraciones antisemitas"},"content":{"rendered":"<p>La comunidad jud\u00eda exigi\u00f3 disculpas formales y present\u00f3 una denuncia por antisemitismo a la justicia peruana.<\/p>\n","protected":false},"excerpt":{"rendered":"<p>La comunidad jud\u00eda exigi\u00f3 disculpas formales y present\u00f3 una denuncia por antisemitismo a la justicia peruana.<\/p>\n","protected":false},"author":2,"featured_media":21384,"comment_status":"open","ping_status":"open","sticky":false,"template":"","format":"standard","meta":{"_et_pb_use_builder":"","_et_pb_old_content":"","_et_gb_content_width":"","footnotes":""},"categories":[1591,79,146],"tags":[],"class_list":["post-21383","post","type-post","status-publish","format-standard","has-post-thumbnail","hentry","category-interino","category-internacionales","category-presidente"],"_links":{"self":[{"href":"https:\/\/verdadincomodadiario.ar\/index.php?rest_route=\/wp\/v2\/posts\/21383","targetHints":{"allow":["GET"]}}],"collection":[{"href":"https:\/\/verdadincomodadiario.ar\/index.php?rest_route=\/wp\/v2\/posts"}],"about":[{"href":"https:\/\/verdadincomodadiario.ar\/index.php?rest_route=\/wp\/v2\/types\/post"}],"author":[{"embeddable":true,"href":"https:\/\/verdadincomodadiario.ar\/index.php?rest_route=\/wp\/v2\/users\/2"}],"replies":[{"embeddable":true,"href":"https:\/\/verdadincomodadiario.ar\/index.php?rest_route=%2Fwp%2Fv2%2Fcomments&post=21383"}],"version-history":[{"count":0,"href":"https:\/\/verdadincomodadiario.ar\/index.php?rest_route=\/wp\/v2\/posts\/21383\/revisions"}],"wp:featuredmedia":[{"embeddable":true,"href":"https:\/\/verdadincomodadiario.ar\/index.php?rest_route=\/wp\/v2\/media\/21384"}],"wp:attachment":[{"href":"https:\/\/verdadincomodadiario.ar\/index.php?rest_route=%2Fwp%2Fv2%2Fmedia&parent=21383"}],"wp:term":[{"taxonomy":"category","embeddable":true,"href":"https:\/\/verdadincomodadiario.ar\/index.php?rest_route=%2Fwp%2Fv2%2Fcategories&post=21383"},{"taxonomy":"post_tag","embeddable":true,"href":"https:\/\/verdadincomodadiario.ar\/index.php?rest_route=%2Fwp%2Fv2%2Ftags&post=21383"}],"curies":[{"name":"wp","href":"https:\/\/api.w.org\/{rel}","templated":true}]}}