{"id":21377,"date":"2026-04-30T02:23:44","date_gmt":"2026-04-30T02:23:44","guid":{"rendered":"https:\/\/verdadincomodadiario.ar\/?p=21377"},"modified":"2026-04-30T02:23:44","modified_gmt":"2026-04-30T02:23:44","slug":"la-corte-suprema-brindo-su-apoyo-a-trump-para-terminar-con-la-proteccion-temporal-a-inmigrantes-ilegales","status":"publish","type":"post","link":"https:\/\/verdadincomodadiario.ar\/?p=21377","title":{"rendered":"La Corte Suprema brind\u00f3 su apoyo a Trump para terminar con la protecci\u00f3n temporal a inmigrantes ilegales."},"content":{"rendered":"<p>La Corte eval\u00faa limitar el control judicial y reforzar la autoridad ejecutiva en decisiones sobre el TPS impulsadas por Donald Trump.<\/p>\n","protected":false},"excerpt":{"rendered":"<p>La Corte eval\u00faa limitar el control judicial y reforzar la autoridad ejecutiva en decisiones sobre el TPS impulsadas por Donald Trump.<\/p>\n","protected":false},"author":2,"featured_media":21378,"comment_status":"open","ping_status":"open","sticky":false,"template":"","format":"standard","meta":{"_et_pb_use_builder":"","_et_pb_old_content":"","_et_gb_content_width":"","footnotes":""},"categories":[187,79,188],"tags":[],"class_list":["post-21377","post","type-post","status-publish","format-standard","has-post-thumbnail","hentry","category-corte","category-internacionales","category-suprema"],"_links":{"self":[{"href":"https:\/\/verdadincomodadiario.ar\/index.php?rest_route=\/wp\/v2\/posts\/21377","targetHints":{"allow":["GET"]}}],"collection":[{"href":"https:\/\/verdadincomodadiario.ar\/index.php?rest_route=\/wp\/v2\/posts"}],"about":[{"href":"https:\/\/verdadincomodadiario.ar\/index.php?rest_route=\/wp\/v2\/types\/post"}],"author":[{"embeddable":true,"href":"https:\/\/verdadincomodadiario.ar\/index.php?rest_route=\/wp\/v2\/users\/2"}],"replies":[{"embeddable":true,"href":"https:\/\/verdadincomodadiario.ar\/index.php?rest_route=%2Fwp%2Fv2%2Fcomments&post=21377"}],"version-history":[{"count":0,"href":"https:\/\/verdadincomodadiario.ar\/index.php?rest_route=\/wp\/v2\/posts\/21377\/revisions"}],"wp:featuredmedia":[{"embeddable":true,"href":"https:\/\/verdadincomodadiario.ar\/index.php?rest_route=\/wp\/v2\/media\/21378"}],"wp:attachment":[{"href":"https:\/\/verdadincomodadiario.ar\/index.php?rest_route=%2Fwp%2Fv2%2Fmedia&parent=21377"}],"wp:term":[{"taxonomy":"category","embeddable":true,"href":"https:\/\/verdadincomodadiario.ar\/index.php?rest_route=%2Fwp%2Fv2%2Fcategories&post=21377"},{"taxonomy":"post_tag","embeddable":true,"href":"https:\/\/verdadincomodadiario.ar\/index.php?rest_route=%2Fwp%2Fv2%2Ftags&post=21377"}],"curies":[{"name":"wp","href":"https:\/\/api.w.org\/{rel}","templated":true}]}}