{"id":21373,"date":"2026-04-30T01:24:25","date_gmt":"2026-04-30T01:24:25","guid":{"rendered":"https:\/\/verdadincomodadiario.ar\/?p=21373"},"modified":"2026-04-30T01:24:25","modified_gmt":"2026-04-30T01:24:25","slug":"el-senado-de-brasil-rechazo-al-candidato-de-lula-a-la-corte-suprema-en-un-reves-historico","status":"publish","type":"post","link":"https:\/\/verdadincomodadiario.ar\/?p=21373","title":{"rendered":"El Senado de Brasil rechaz\u00f3 al candidato de Lula a la Corte Suprema en un rev\u00e9s hist\u00f3rico"},"content":{"rendered":"<p>Por primera vez en m\u00e1s de un siglo, la C\u00e1mara alta bloque\u00f3 una nominaci\u00f3n presidencial y expuso la debilidad pol\u00edtica del gobierno.<\/p>\n","protected":false},"excerpt":{"rendered":"<p>Por primera vez en m\u00e1s de un siglo, la C\u00e1mara alta bloque\u00f3 una nominaci\u00f3n presidencial y expuso la debilidad pol\u00edtica del gobierno.<\/p>\n","protected":false},"author":2,"featured_media":21374,"comment_status":"open","ping_status":"open","sticky":false,"template":"","format":"standard","meta":{"_et_pb_use_builder":"","_et_pb_old_content":"","_et_gb_content_width":"","footnotes":""},"categories":[220,79,114],"tags":[],"class_list":["post-21373","post","type-post","status-publish","format-standard","has-post-thumbnail","hentry","category-brasil","category-internacionales","category-senado"],"_links":{"self":[{"href":"https:\/\/verdadincomodadiario.ar\/index.php?rest_route=\/wp\/v2\/posts\/21373","targetHints":{"allow":["GET"]}}],"collection":[{"href":"https:\/\/verdadincomodadiario.ar\/index.php?rest_route=\/wp\/v2\/posts"}],"about":[{"href":"https:\/\/verdadincomodadiario.ar\/index.php?rest_route=\/wp\/v2\/types\/post"}],"author":[{"embeddable":true,"href":"https:\/\/verdadincomodadiario.ar\/index.php?rest_route=\/wp\/v2\/users\/2"}],"replies":[{"embeddable":true,"href":"https:\/\/verdadincomodadiario.ar\/index.php?rest_route=%2Fwp%2Fv2%2Fcomments&post=21373"}],"version-history":[{"count":0,"href":"https:\/\/verdadincomodadiario.ar\/index.php?rest_route=\/wp\/v2\/posts\/21373\/revisions"}],"wp:featuredmedia":[{"embeddable":true,"href":"https:\/\/verdadincomodadiario.ar\/index.php?rest_route=\/wp\/v2\/media\/21374"}],"wp:attachment":[{"href":"https:\/\/verdadincomodadiario.ar\/index.php?rest_route=%2Fwp%2Fv2%2Fmedia&parent=21373"}],"wp:term":[{"taxonomy":"category","embeddable":true,"href":"https:\/\/verdadincomodadiario.ar\/index.php?rest_route=%2Fwp%2Fv2%2Fcategories&post=21373"},{"taxonomy":"post_tag","embeddable":true,"href":"https:\/\/verdadincomodadiario.ar\/index.php?rest_route=%2Fwp%2Fv2%2Ftags&post=21373"}],"curies":[{"name":"wp","href":"https:\/\/api.w.org\/{rel}","templated":true}]}}