{"id":2137,"date":"2025-04-14T17:52:36","date_gmt":"2025-04-14T17:52:36","guid":{"rendered":"https:\/\/verdadincomodadiario.ar\/?p=2137"},"modified":"2025-04-14T17:52:36","modified_gmt":"2025-04-14T17:52:36","slug":"tres-importantes-bancos-de-wall-street-celebraron-las-medidas-del-gobierno-de-milei","status":"publish","type":"post","link":"https:\/\/verdadincomodadiario.ar\/?p=2137","title":{"rendered":"Tres importantes bancos de Wall Street celebraron las medidas del Gobierno de Milei"},"content":{"rendered":"<p>Mientras que el <strong>d\u00f3lar oficial<\/strong> se negocia a <strong>$1.190<\/strong> en el mercado local, tres grandes entidades financieras de <a href=\"https:\/\/derechadiario.com.ar\/economia\/mercados-euforicos-tras-fin-del-cepo-bonos-y-acciones-suben-hasta-20-eeuu\" target=\"_blank\" title=\"Mercados euf\u00f3ricos tras el fin del cepo: bonos y acciones suben hasta 20% en EEUU\">Wall Street<\/a> destacaron con entusiasmo el acuerdo alcanzado con el FMI y el levantamiento del cepo cambiario por parte del Gobierno de <a href=\"https:\/\/derechadiario.com.ar\/politica\/tras-sacar-cepo-presidente-milei-anticipo-cuando-inflacion-desaparecer\" target=\"_blank\" title=\"Tras sacar el cepo, el presidente Milei anticip\u00f3 cu\u00e1ndo la inflaci\u00f3n va a desaparecer\"><strong>Javier Milei<\/strong><\/a>. Seg\u00fan afirmaron, el nuevo esquema cambiario contribuir\u00e1 a <strong>fortalecer las reservas<\/strong>, impulsar el <strong>crecimiento econ\u00f3mico<\/strong> y <strong>atraer inversiones<\/strong>.\u00a0<\/p>\n<p>Desde este lunes, el Gobierno de Milei puso en marcha un sistema de flotaci\u00f3n dentro de bandas, en el que el d\u00f3lar oficial se mover\u00e1 entre <strong>$1.000 y $1.400<\/strong>, con una actualizaci\u00f3n mensual del 1% para ambos extremos. Este conjunto de medidas incluy\u00f3 tambi\u00e9n una eliminaci\u00f3n de las restricciones cambiarias para personas f\u00edsicas, junto con una apertura para las operaciones empresariales.<\/p>\n<p>JP Morgan sostuvo en un informe que los anuncios del pasado viernes &#8220;<strong>no s\u00f3lo respetaron el principio de sobreponer la econom\u00eda a la pol\u00edtica, sino que tambi\u00e9n superaron nuestras expectativas optimistas respecto de la evoluci\u00f3n macro-financiera fundamental del pa\u00eds. En esencia, los avances en materia de pol\u00edtica representan un paso significativo que permite al pa\u00eds liberar un potencial que estuvo reprimido durante d\u00e9cadas por decisiones pol\u00edticas deficientes<\/strong>&#8220;.<\/p>\n<p>Por otro lado, el informe de Morgan Stanley comparti\u00f3 una perspectiva favorable sobre el nuevo marco macroecon\u00f3mico. Consideran que el mismo permitir\u00e1 acumular reservas internacionales y sostener un crecimiento m\u00e1s s\u00f3lido.<\/p>\n<aside class=\"are-you-interested-container-photo\"><\/aside>\n<div class=\"inter_image image_horizontal\">\n<picture><source class=\"img-responsive\" type=\"image\/webp\" data-srcset=\"\/filesedc\/uploads\/image\/post\/captura-de-pantalla-2024-12-30-150658_300_200.webp 300w, \n\/filesedc\/uploads\/image\/post\/captura-de-pantalla-2024-12-30-150658_630_420.webp 630w,\n                                \/filesedc\/uploads\/image\/post\/captura-de-pantalla-2024-12-30-150658_760_507.webp 760w,\n                                \/filesedc\/uploads\/image\/post\/captura-de-pantalla-2024-12-30-150658_1200_800.webp 1200w,\n                                \/filesedc\/uploads\/image\/post\/captura-de-pantalla-2024-12-30-150658_1600_1067.webp 1600w\"><img decoding=\"async\" src=\"https:\/\/derechadiario.com.ar\/filesedc\/uploads\/image\/post\/captura-de-pantalla-2024-12-30-150658_1200_800.webp\" class=\"img-responsive lazyload\" alt=\"Hombre con gafas y traje oscuro gesticulando mientras habla en un micr\u00f3fono.\" title=\"Hombre con gafas y traje oscuro gesticulando mientras habla en un micr\u00f3fono.\"><\/picture>\n<div>\n<span class=\"img_footer\">Javier Milei, presidente de Argentina. <\/span>| <span class=\"img_author\">La Derecha Diario<\/span>\n<\/div>\n<\/div>\n<p>En cuanto a la liberalizaci\u00f3n de los controles sobre los flujos cambiarios, afirmaron que esta medida favorece la llegada de <strong>inversiones extranjeras directas<\/strong> y el <strong>desarrollo econ\u00f3mico<\/strong>. Adem\u00e1s, destacaron que las reformas estructurales necesarias para consolidar un crecimiento sostenido est\u00e1n <strong>correctamente planificadas<\/strong> y quedar\u00e1n para despu\u00e9s de las elecciones de medio t\u00e9rmino.<\/p>\n<p>Gracias a los desembolsos del FMI, el BID y el Banco Mundial, calculan que el Banco Central cuenta con una capacidad de intervenci\u00f3n inicial de alrededor de <strong>20.000 millones de d\u00f3lares<\/strong>, lo cual representa un respaldo suficiente para implementar un r\u00e9gimen de flotaci\u00f3n administrada que brinde mayor previsibilidad.<\/p>\n<p>El an\u00e1lisis tambi\u00e9n indic\u00f3 que, seg\u00fan los criterios del FMI, las reservas netas actuales del BCRA se ubican en torno a los USD -6.400 millones, y deber\u00edan alcanzar los USD -500 millones hacia fines de junio de 2025. &#8220;<strong>Consideramos viable la mejora de aproximadamente USD 6.000 millones en este trimestre, dado el nuevo r\u00e9gimen cambiario combinado con el levantamiento de la \u2018pol\u00edtica blend cambiaria\u2019 y los incentivos fiscales temporales a las exportaciones, que probablemente impulsen las ventas de granos en el pico de la cosecha<\/strong>&#8220;, explicaron.<\/p>\n<figure><img decoding=\"async\" src=\"https:\/\/derechadiario.com.ar\/filesedc\/uploads\/image\/post\/66f17e660c2d7-800-450_1200_800.webp\" class=\"img-responsive lazyload\" alt=\"Hombre sonriente con un mazo en la mano en un evento.\" title=\"Hombre sonriente con un mazo en la mano en un evento.\"><\/figure>\n<p>De este modo, se proyecta un incremento adicional de 4.500 millones de d\u00f3lares en el \u00faltimo trimestre de 2025, lo que implicar\u00eda una suba total de alrededor de <strong>10.000 millones<\/strong> en las <strong>reservas netas<\/strong> durante lo que resta del a\u00f1o.<\/p>\n<aside class=\"whatsappChannelText\"><a href=\"https:\/\/whatsapp.com\/channel\/0029VagEjILGE56eKjedWF2U\" rel=\"nofollow\" title=\"WhatsApp Link\"><img alt=\"Logo de WhatsApp\" class=\"lazyload\" data-src=\"https:\/\/derechadiario.com.ar\/filesedc\/uploads\/other\/whatsapp_icon_mid_article.png\" width=\"32\" height=\"32\"><\/a> <a href=\"https:\/\/whatsapp.com\/channel\/0029VagEjILGE56eKjedWF2U\" rel=\"nofollow\" title=\"WhatsApp Link\"><strong>NO SE PIERDAN NINGUNA NOTICIA<\/strong>: Click aqu\u00ed para sumarte <strong>GRATIS<\/strong> al canal de noticias de <strong>La Derecha Diario en WhatsApp.<\/strong><\/a><\/aside>\n<p>En su an\u00e1lisis final, los expertos se\u00f1alaron: &#8220;<strong>Esperamos que las tasas de inter\u00e9s suban con el tiempo debido a la volatilidad cambiaria. Tambi\u00e9n estaremos atentos a la visita de la secretaria del Tesoro de EE.UU. a principios de esta semana: \u00bftraer\u00e1 esa visita alg\u00fan alivio arancelario o financiamiento adicional en divisas? Consideramos probables ambas cosas<\/strong>&#8220;.<\/p>\n<p>Por su parte, el banco BNP Paribas evalu\u00f3 que &#8220;el Gobierno dio un paso en la direcci\u00f3n correcta al anunciar un cambio m\u00e1s ambicioso en su pol\u00edtica cambiaria de lo que esperaba el mercado. Aunque el pa\u00eds contin\u00faa expuesto a una elevada incertidumbre global y el plan econ\u00f3mico no est\u00e1 exento de riesgos, el nuevo esquema de pol\u00edtica es m\u00e1s s\u00f3lido que el anterior, y tambi\u00e9n en comparaci\u00f3n con las alternativas que contemplaban la mayor\u00eda de los analistas&#8221;.<\/p>\n","protected":false},"excerpt":{"rendered":"<p>Mientras que el d\u00f3lar oficial se negocia a $1.190 en el mercado local, tres grandes entidades financieras de Wall Street destacaron con entusiasmo el acuerdo alcanzado con el FMI y el levantamiento del cepo cambiario por parte del Gobierno de Javier Milei. Seg\u00fan afirmaron, el nuevo esquema cambiario contribuir\u00e1 a fortalecer las reservas, impulsar el [&hellip;]<\/p>\n","protected":false},"author":2,"featured_media":2138,"comment_status":"open","ping_status":"open","sticky":false,"template":"","format":"standard","meta":{"_et_pb_use_builder":"","_et_pb_old_content":"","_et_gb_content_width":"","footnotes":""},"categories":[80],"tags":[],"class_list":["post-2137","post","type-post","status-publish","format-standard","has-post-thumbnail","hentry","category-economia-2"],"_links":{"self":[{"href":"https:\/\/verdadincomodadiario.ar\/index.php?rest_route=\/wp\/v2\/posts\/2137","targetHints":{"allow":["GET"]}}],"collection":[{"href":"https:\/\/verdadincomodadiario.ar\/index.php?rest_route=\/wp\/v2\/posts"}],"about":[{"href":"https:\/\/verdadincomodadiario.ar\/index.php?rest_route=\/wp\/v2\/types\/post"}],"author":[{"embeddable":true,"href":"https:\/\/verdadincomodadiario.ar\/index.php?rest_route=\/wp\/v2\/users\/2"}],"replies":[{"embeddable":true,"href":"https:\/\/verdadincomodadiario.ar\/index.php?rest_route=%2Fwp%2Fv2%2Fcomments&post=2137"}],"version-history":[{"count":0,"href":"https:\/\/verdadincomodadiario.ar\/index.php?rest_route=\/wp\/v2\/posts\/2137\/revisions"}],"wp:featuredmedia":[{"embeddable":true,"href":"https:\/\/verdadincomodadiario.ar\/index.php?rest_route=\/wp\/v2\/media\/2138"}],"wp:attachment":[{"href":"https:\/\/verdadincomodadiario.ar\/index.php?rest_route=%2Fwp%2Fv2%2Fmedia&parent=2137"}],"wp:term":[{"taxonomy":"category","embeddable":true,"href":"https:\/\/verdadincomodadiario.ar\/index.php?rest_route=%2Fwp%2Fv2%2Fcategories&post=2137"},{"taxonomy":"post_tag","embeddable":true,"href":"https:\/\/verdadincomodadiario.ar\/index.php?rest_route=%2Fwp%2Fv2%2Ftags&post=2137"}],"curies":[{"name":"wp","href":"https:\/\/api.w.org\/{rel}","templated":true}]}}