{"id":21357,"date":"2026-04-29T21:24:03","date_gmt":"2026-04-29T21:24:03","guid":{"rendered":"https:\/\/verdadincomodadiario.ar\/?p=21357"},"modified":"2026-04-29T21:24:03","modified_gmt":"2026-04-29T21:24:03","slug":"en-vivo-javier-milei-da-un-discurso-en-el-cierre-de-la-expo-efi-2026","status":"publish","type":"post","link":"https:\/\/verdadincomodadiario.ar\/?p=21357","title":{"rendered":"EN VIVO: Javier Milei da un discurso en el cierre de la Expo EFI 2026"},"content":{"rendered":"<p>El presidente de la Naci\u00f3n cierra la Expo EFI 2026, la convenci\u00f3n m\u00e1s importante de econom\u00eda, finanzas e inversiones de la zona<\/p>\n","protected":false},"excerpt":{"rendered":"<p>El presidente de la Naci\u00f3n cierra la Expo EFI 2026, la convenci\u00f3n m\u00e1s importante de econom\u00eda, finanzas e inversiones de la zona<\/p>\n","protected":false},"author":2,"featured_media":21358,"comment_status":"open","ping_status":"open","sticky":false,"template":"","format":"standard","meta":{"_et_pb_use_builder":"","_et_pb_old_content":"","_et_gb_content_width":"","footnotes":""},"categories":[81],"tags":[],"class_list":["post-21357","post","type-post","status-publish","format-standard","has-post-thumbnail","hentry","category-politica"],"_links":{"self":[{"href":"https:\/\/verdadincomodadiario.ar\/index.php?rest_route=\/wp\/v2\/posts\/21357","targetHints":{"allow":["GET"]}}],"collection":[{"href":"https:\/\/verdadincomodadiario.ar\/index.php?rest_route=\/wp\/v2\/posts"}],"about":[{"href":"https:\/\/verdadincomodadiario.ar\/index.php?rest_route=\/wp\/v2\/types\/post"}],"author":[{"embeddable":true,"href":"https:\/\/verdadincomodadiario.ar\/index.php?rest_route=\/wp\/v2\/users\/2"}],"replies":[{"embeddable":true,"href":"https:\/\/verdadincomodadiario.ar\/index.php?rest_route=%2Fwp%2Fv2%2Fcomments&post=21357"}],"version-history":[{"count":0,"href":"https:\/\/verdadincomodadiario.ar\/index.php?rest_route=\/wp\/v2\/posts\/21357\/revisions"}],"wp:featuredmedia":[{"embeddable":true,"href":"https:\/\/verdadincomodadiario.ar\/index.php?rest_route=\/wp\/v2\/media\/21358"}],"wp:attachment":[{"href":"https:\/\/verdadincomodadiario.ar\/index.php?rest_route=%2Fwp%2Fv2%2Fmedia&parent=21357"}],"wp:term":[{"taxonomy":"category","embeddable":true,"href":"https:\/\/verdadincomodadiario.ar\/index.php?rest_route=%2Fwp%2Fv2%2Fcategories&post=21357"},{"taxonomy":"post_tag","embeddable":true,"href":"https:\/\/verdadincomodadiario.ar\/index.php?rest_route=%2Fwp%2Fv2%2Ftags&post=21357"}],"curies":[{"name":"wp","href":"https:\/\/api.w.org\/{rel}","templated":true}]}}