{"id":21353,"date":"2026-04-29T21:23:43","date_gmt":"2026-04-29T21:23:43","guid":{"rendered":"https:\/\/verdadincomodadiario.ar\/?p=21353"},"modified":"2026-04-29T21:23:43","modified_gmt":"2026-04-29T21:23:43","slug":"iran-ejecuto-a-21-personas-y-detuvo-a-mas-de-4-000-desde-el-inicio-de-la-guerra","status":"publish","type":"post","link":"https:\/\/verdadincomodadiario.ar\/?p=21353","title":{"rendered":"Ir\u00e1n ejecut\u00f3 a 21 personas y detuvo a m\u00e1s de 4.000 desde el inicio de la guerra"},"content":{"rendered":"<p>La ONU denunci\u00f3 ejecuciones, torturas y m\u00e1s de 4.000 detenidos en Ir\u00e1n desde el inicio de la guerra.<\/p>\n","protected":false},"excerpt":{"rendered":"<p>La ONU denunci\u00f3 ejecuciones, torturas y m\u00e1s de 4.000 detenidos en Ir\u00e1n desde el inicio de la guerra.<\/p>\n","protected":false},"author":2,"featured_media":21354,"comment_status":"open","ping_status":"open","sticky":false,"template":"","format":"standard","meta":{"_et_pb_use_builder":"","_et_pb_old_content":"","_et_gb_content_width":"","footnotes":""},"categories":[620,79,109],"tags":[],"class_list":["post-21353","post","type-post","status-publish","format-standard","has-post-thumbnail","hentry","category-ejecut","category-internacionales","category-personas"],"_links":{"self":[{"href":"https:\/\/verdadincomodadiario.ar\/index.php?rest_route=\/wp\/v2\/posts\/21353","targetHints":{"allow":["GET"]}}],"collection":[{"href":"https:\/\/verdadincomodadiario.ar\/index.php?rest_route=\/wp\/v2\/posts"}],"about":[{"href":"https:\/\/verdadincomodadiario.ar\/index.php?rest_route=\/wp\/v2\/types\/post"}],"author":[{"embeddable":true,"href":"https:\/\/verdadincomodadiario.ar\/index.php?rest_route=\/wp\/v2\/users\/2"}],"replies":[{"embeddable":true,"href":"https:\/\/verdadincomodadiario.ar\/index.php?rest_route=%2Fwp%2Fv2%2Fcomments&post=21353"}],"version-history":[{"count":0,"href":"https:\/\/verdadincomodadiario.ar\/index.php?rest_route=\/wp\/v2\/posts\/21353\/revisions"}],"wp:featuredmedia":[{"embeddable":true,"href":"https:\/\/verdadincomodadiario.ar\/index.php?rest_route=\/wp\/v2\/media\/21354"}],"wp:attachment":[{"href":"https:\/\/verdadincomodadiario.ar\/index.php?rest_route=%2Fwp%2Fv2%2Fmedia&parent=21353"}],"wp:term":[{"taxonomy":"category","embeddable":true,"href":"https:\/\/verdadincomodadiario.ar\/index.php?rest_route=%2Fwp%2Fv2%2Fcategories&post=21353"},{"taxonomy":"post_tag","embeddable":true,"href":"https:\/\/verdadincomodadiario.ar\/index.php?rest_route=%2Fwp%2Fv2%2Ftags&post=21353"}],"curies":[{"name":"wp","href":"https:\/\/api.w.org\/{rel}","templated":true}]}}