{"id":21349,"date":"2026-04-29T20:24:34","date_gmt":"2026-04-29T20:24:34","guid":{"rendered":"https:\/\/verdadincomodadiario.ar\/?p=21349"},"modified":"2026-04-29T20:24:34","modified_gmt":"2026-04-29T20:24:34","slug":"cambio-de-liderato-tomas-etcheverry-sera-el-nuevo-numero-1-argentino-en-el-ranking-atp","status":"publish","type":"post","link":"https:\/\/verdadincomodadiario.ar\/?p=21349","title":{"rendered":"Cambio de liderato: Tom\u00e1s Etcheverry ser\u00e1 el nuevo n\u00famero 1 argentino en el ranking ATP"},"content":{"rendered":"<p>El platense alcanzar\u00e1 el puesto 26 del mundo tras el Masters 1000 de Madrid y desplazar\u00e1 a Francisco Cer\u00fandolo de la cima nacional de la clasificaci\u00f3n<\/p>\n","protected":false},"excerpt":{"rendered":"<p>El platense alcanzar\u00e1 el puesto 26 del mundo tras el Masters 1000 de Madrid y desplazar\u00e1 a Francisco Cer\u00fandolo de la cima nacional de la clasificaci\u00f3n<\/p>\n","protected":false},"author":2,"featured_media":21350,"comment_status":"open","ping_status":"open","sticky":false,"template":"","format":"standard","meta":{"_et_pb_use_builder":"","_et_pb_old_content":"","_et_gb_content_width":"","footnotes":""},"categories":[78],"tags":[],"class_list":["post-21349","post","type-post","status-publish","format-standard","has-post-thumbnail","hentry","category-deportes"],"_links":{"self":[{"href":"https:\/\/verdadincomodadiario.ar\/index.php?rest_route=\/wp\/v2\/posts\/21349","targetHints":{"allow":["GET"]}}],"collection":[{"href":"https:\/\/verdadincomodadiario.ar\/index.php?rest_route=\/wp\/v2\/posts"}],"about":[{"href":"https:\/\/verdadincomodadiario.ar\/index.php?rest_route=\/wp\/v2\/types\/post"}],"author":[{"embeddable":true,"href":"https:\/\/verdadincomodadiario.ar\/index.php?rest_route=\/wp\/v2\/users\/2"}],"replies":[{"embeddable":true,"href":"https:\/\/verdadincomodadiario.ar\/index.php?rest_route=%2Fwp%2Fv2%2Fcomments&post=21349"}],"version-history":[{"count":0,"href":"https:\/\/verdadincomodadiario.ar\/index.php?rest_route=\/wp\/v2\/posts\/21349\/revisions"}],"wp:featuredmedia":[{"embeddable":true,"href":"https:\/\/verdadincomodadiario.ar\/index.php?rest_route=\/wp\/v2\/media\/21350"}],"wp:attachment":[{"href":"https:\/\/verdadincomodadiario.ar\/index.php?rest_route=%2Fwp%2Fv2%2Fmedia&parent=21349"}],"wp:term":[{"taxonomy":"category","embeddable":true,"href":"https:\/\/verdadincomodadiario.ar\/index.php?rest_route=%2Fwp%2Fv2%2Fcategories&post=21349"},{"taxonomy":"post_tag","embeddable":true,"href":"https:\/\/verdadincomodadiario.ar\/index.php?rest_route=%2Fwp%2Fv2%2Ftags&post=21349"}],"curies":[{"name":"wp","href":"https:\/\/api.w.org\/{rel}","templated":true}]}}