{"id":21341,"date":"2026-04-29T20:23:49","date_gmt":"2026-04-29T20:23:49","guid":{"rendered":"https:\/\/verdadincomodadiario.ar\/?p=21341"},"modified":"2026-04-29T20:23:49","modified_gmt":"2026-04-29T20:23:49","slug":"donald-trump-recibio-a-los-astronautas-de-artemis-ii-y-celebro-el-regreso-de-eeuu-a-la-orbita-lunar","status":"publish","type":"post","link":"https:\/\/verdadincomodadiario.ar\/?p=21341","title":{"rendered":"Donald Trump recibi\u00f3 a los astronautas de Artemis II y celebr\u00f3 el regreso de EEUU a la \u00f3rbita lunar"},"content":{"rendered":"<p>El presidente elogi\u00f3 a los astronautas y destac\u00f3 el r\u00e9cord hist\u00f3rico sobre la distancia de viaje lograda por la misi\u00f3n.<\/p>\n","protected":false},"excerpt":{"rendered":"<p>El presidente elogi\u00f3 a los astronautas y destac\u00f3 el r\u00e9cord hist\u00f3rico sobre la distancia de viaje lograda por la misi\u00f3n.<\/p>\n","protected":false},"author":2,"featured_media":21342,"comment_status":"open","ping_status":"open","sticky":false,"template":"","format":"standard","meta":{"_et_pb_use_builder":"","_et_pb_old_content":"","_et_gb_content_width":"","footnotes":""},"categories":[118,79,65],"tags":[],"class_list":["post-21341","post","type-post","status-publish","format-standard","has-post-thumbnail","hentry","category-donald","category-internacionales","category-trump"],"_links":{"self":[{"href":"https:\/\/verdadincomodadiario.ar\/index.php?rest_route=\/wp\/v2\/posts\/21341","targetHints":{"allow":["GET"]}}],"collection":[{"href":"https:\/\/verdadincomodadiario.ar\/index.php?rest_route=\/wp\/v2\/posts"}],"about":[{"href":"https:\/\/verdadincomodadiario.ar\/index.php?rest_route=\/wp\/v2\/types\/post"}],"author":[{"embeddable":true,"href":"https:\/\/verdadincomodadiario.ar\/index.php?rest_route=\/wp\/v2\/users\/2"}],"replies":[{"embeddable":true,"href":"https:\/\/verdadincomodadiario.ar\/index.php?rest_route=%2Fwp%2Fv2%2Fcomments&post=21341"}],"version-history":[{"count":0,"href":"https:\/\/verdadincomodadiario.ar\/index.php?rest_route=\/wp\/v2\/posts\/21341\/revisions"}],"wp:featuredmedia":[{"embeddable":true,"href":"https:\/\/verdadincomodadiario.ar\/index.php?rest_route=\/wp\/v2\/media\/21342"}],"wp:attachment":[{"href":"https:\/\/verdadincomodadiario.ar\/index.php?rest_route=%2Fwp%2Fv2%2Fmedia&parent=21341"}],"wp:term":[{"taxonomy":"category","embeddable":true,"href":"https:\/\/verdadincomodadiario.ar\/index.php?rest_route=%2Fwp%2Fv2%2Fcategories&post=21341"},{"taxonomy":"post_tag","embeddable":true,"href":"https:\/\/verdadincomodadiario.ar\/index.php?rest_route=%2Fwp%2Fv2%2Ftags&post=21341"}],"curies":[{"name":"wp","href":"https:\/\/api.w.org\/{rel}","templated":true}]}}