{"id":21337,"date":"2026-04-29T19:24:21","date_gmt":"2026-04-29T19:24:21","guid":{"rendered":"https:\/\/verdadincomodadiario.ar\/?p=21337"},"modified":"2026-04-29T19:24:21","modified_gmt":"2026-04-29T19:24:21","slug":"el-empresario-eduardo-costantini-vote-a-milei-y-lo-volveria-a-votar-porque-si-se-va-que-viene","status":"publish","type":"post","link":"https:\/\/verdadincomodadiario.ar\/?p=21337","title":{"rendered":"El empresario Eduardo Costantini: \u201cVot\u00e9 a Milei y lo volver\u00eda a votar, porque si se va, \u00bfqu\u00e9 viene?\u201d"},"content":{"rendered":"<p>En la ExpoEFI 2026, el empresario destac\u00f3 el rumbo econ\u00f3mico, reclam\u00f3 gobernabilidad, previsibilidad y continuidad para consolidar la recuperaci\u00f3n que comanda Milei.<\/p>\n","protected":false},"excerpt":{"rendered":"<p>En la ExpoEFI 2026, el empresario destac\u00f3 el rumbo econ\u00f3mico, reclam\u00f3 gobernabilidad, previsibilidad y continuidad para consolidar la recuperaci\u00f3n que comanda Milei.<\/p>\n","protected":false},"author":2,"featured_media":21338,"comment_status":"open","ping_status":"open","sticky":false,"template":"","format":"standard","meta":{"_et_pb_use_builder":"","_et_pb_old_content":"","_et_gb_content_width":"","footnotes":""},"categories":[81],"tags":[],"class_list":["post-21337","post","type-post","status-publish","format-standard","has-post-thumbnail","hentry","category-politica"],"_links":{"self":[{"href":"https:\/\/verdadincomodadiario.ar\/index.php?rest_route=\/wp\/v2\/posts\/21337","targetHints":{"allow":["GET"]}}],"collection":[{"href":"https:\/\/verdadincomodadiario.ar\/index.php?rest_route=\/wp\/v2\/posts"}],"about":[{"href":"https:\/\/verdadincomodadiario.ar\/index.php?rest_route=\/wp\/v2\/types\/post"}],"author":[{"embeddable":true,"href":"https:\/\/verdadincomodadiario.ar\/index.php?rest_route=\/wp\/v2\/users\/2"}],"replies":[{"embeddable":true,"href":"https:\/\/verdadincomodadiario.ar\/index.php?rest_route=%2Fwp%2Fv2%2Fcomments&post=21337"}],"version-history":[{"count":0,"href":"https:\/\/verdadincomodadiario.ar\/index.php?rest_route=\/wp\/v2\/posts\/21337\/revisions"}],"wp:featuredmedia":[{"embeddable":true,"href":"https:\/\/verdadincomodadiario.ar\/index.php?rest_route=\/wp\/v2\/media\/21338"}],"wp:attachment":[{"href":"https:\/\/verdadincomodadiario.ar\/index.php?rest_route=%2Fwp%2Fv2%2Fmedia&parent=21337"}],"wp:term":[{"taxonomy":"category","embeddable":true,"href":"https:\/\/verdadincomodadiario.ar\/index.php?rest_route=%2Fwp%2Fv2%2Fcategories&post=21337"},{"taxonomy":"post_tag","embeddable":true,"href":"https:\/\/verdadincomodadiario.ar\/index.php?rest_route=%2Fwp%2Fv2%2Ftags&post=21337"}],"curies":[{"name":"wp","href":"https:\/\/api.w.org\/{rel}","templated":true}]}}