{"id":21331,"date":"2026-04-29T18:24:08","date_gmt":"2026-04-29T18:24:08","guid":{"rendered":"https:\/\/verdadincomodadiario.ar\/?p=21331"},"modified":"2026-04-29T18:24:08","modified_gmt":"2026-04-29T18:24:08","slug":"el-a526-de-franco-colapinto-tendra-un-diseno-especial-para-el-gran-premio-de-miami","status":"publish","type":"post","link":"https:\/\/verdadincomodadiario.ar\/?p=21331","title":{"rendered":"El A526 de Franco Colapinto tendr\u00e1 un dise\u00f1o especial para el Gran Premio de Miami"},"content":{"rendered":"<p>Los monoplaza de Alpine volver\u00e1n a tener los colores de Mercado Libre durante la siguiente fecha de F\u00f3rmula 1<\/p>\n","protected":false},"excerpt":{"rendered":"<p>Los monoplaza de Alpine volver\u00e1n a tener los colores de Mercado Libre durante la siguiente fecha de F\u00f3rmula 1<\/p>\n","protected":false},"author":2,"featured_media":21332,"comment_status":"open","ping_status":"open","sticky":false,"template":"","format":"standard","meta":{"_et_pb_use_builder":"","_et_pb_old_content":"","_et_gb_content_width":"","footnotes":""},"categories":[78],"tags":[],"class_list":["post-21331","post","type-post","status-publish","format-standard","has-post-thumbnail","hentry","category-deportes"],"_links":{"self":[{"href":"https:\/\/verdadincomodadiario.ar\/index.php?rest_route=\/wp\/v2\/posts\/21331","targetHints":{"allow":["GET"]}}],"collection":[{"href":"https:\/\/verdadincomodadiario.ar\/index.php?rest_route=\/wp\/v2\/posts"}],"about":[{"href":"https:\/\/verdadincomodadiario.ar\/index.php?rest_route=\/wp\/v2\/types\/post"}],"author":[{"embeddable":true,"href":"https:\/\/verdadincomodadiario.ar\/index.php?rest_route=\/wp\/v2\/users\/2"}],"replies":[{"embeddable":true,"href":"https:\/\/verdadincomodadiario.ar\/index.php?rest_route=%2Fwp%2Fv2%2Fcomments&post=21331"}],"version-history":[{"count":0,"href":"https:\/\/verdadincomodadiario.ar\/index.php?rest_route=\/wp\/v2\/posts\/21331\/revisions"}],"wp:featuredmedia":[{"embeddable":true,"href":"https:\/\/verdadincomodadiario.ar\/index.php?rest_route=\/wp\/v2\/media\/21332"}],"wp:attachment":[{"href":"https:\/\/verdadincomodadiario.ar\/index.php?rest_route=%2Fwp%2Fv2%2Fmedia&parent=21331"}],"wp:term":[{"taxonomy":"category","embeddable":true,"href":"https:\/\/verdadincomodadiario.ar\/index.php?rest_route=%2Fwp%2Fv2%2Fcategories&post=21331"},{"taxonomy":"post_tag","embeddable":true,"href":"https:\/\/verdadincomodadiario.ar\/index.php?rest_route=%2Fwp%2Fv2%2Ftags&post=21331"}],"curies":[{"name":"wp","href":"https:\/\/api.w.org\/{rel}","templated":true}]}}