{"id":21329,"date":"2026-04-29T18:23:45","date_gmt":"2026-04-29T18:23:45","guid":{"rendered":"https:\/\/verdadincomodadiario.ar\/?p=21329"},"modified":"2026-04-29T18:23:45","modified_gmt":"2026-04-29T18:23:45","slug":"influencers-kirchneristas-participaron-del-sovintern-un-foro-socialista-en-rusia","status":"publish","type":"post","link":"https:\/\/verdadincomodadiario.ar\/?p=21329","title":{"rendered":"Influencers kirchneristas participaron del &#8220;Sovintern&#8221;, un foro socialista en Rusia"},"content":{"rendered":"<p>El encuentro internacional en Mosc\u00fa reuni\u00f3 a organizaciones de izquierda de m\u00e1s de 70 pa\u00edses.<\/p>\n","protected":false},"excerpt":{"rendered":"<p>El encuentro internacional en Mosc\u00fa reuni\u00f3 a organizaciones de izquierda de m\u00e1s de 70 pa\u00edses.<\/p>\n","protected":false},"author":2,"featured_media":21330,"comment_status":"open","ping_status":"open","sticky":false,"template":"","format":"standard","meta":{"_et_pb_use_builder":"","_et_pb_old_content":"","_et_gb_content_width":"","footnotes":""},"categories":[81],"tags":[],"class_list":["post-21329","post","type-post","status-publish","format-standard","has-post-thumbnail","hentry","category-politica"],"_links":{"self":[{"href":"https:\/\/verdadincomodadiario.ar\/index.php?rest_route=\/wp\/v2\/posts\/21329","targetHints":{"allow":["GET"]}}],"collection":[{"href":"https:\/\/verdadincomodadiario.ar\/index.php?rest_route=\/wp\/v2\/posts"}],"about":[{"href":"https:\/\/verdadincomodadiario.ar\/index.php?rest_route=\/wp\/v2\/types\/post"}],"author":[{"embeddable":true,"href":"https:\/\/verdadincomodadiario.ar\/index.php?rest_route=\/wp\/v2\/users\/2"}],"replies":[{"embeddable":true,"href":"https:\/\/verdadincomodadiario.ar\/index.php?rest_route=%2Fwp%2Fv2%2Fcomments&post=21329"}],"version-history":[{"count":0,"href":"https:\/\/verdadincomodadiario.ar\/index.php?rest_route=\/wp\/v2\/posts\/21329\/revisions"}],"wp:featuredmedia":[{"embeddable":true,"href":"https:\/\/verdadincomodadiario.ar\/index.php?rest_route=\/wp\/v2\/media\/21330"}],"wp:attachment":[{"href":"https:\/\/verdadincomodadiario.ar\/index.php?rest_route=%2Fwp%2Fv2%2Fmedia&parent=21329"}],"wp:term":[{"taxonomy":"category","embeddable":true,"href":"https:\/\/verdadincomodadiario.ar\/index.php?rest_route=%2Fwp%2Fv2%2Fcategories&post=21329"},{"taxonomy":"post_tag","embeddable":true,"href":"https:\/\/verdadincomodadiario.ar\/index.php?rest_route=%2Fwp%2Fv2%2Ftags&post=21329"}],"curies":[{"name":"wp","href":"https:\/\/api.w.org\/{rel}","templated":true}]}}