{"id":21327,"date":"2026-04-29T18:23:46","date_gmt":"2026-04-29T18:23:46","guid":{"rendered":"https:\/\/verdadincomodadiario.ar\/?p=21327"},"modified":"2026-04-29T18:23:46","modified_gmt":"2026-04-29T18:23:46","slug":"milei-cruzo-a-diputados-de-izquierda-y-periodistas-operadores-el-informe-de-gestion-en-el-congreso","status":"publish","type":"post","link":"https:\/\/verdadincomodadiario.ar\/?p=21327","title":{"rendered":"Milei cruz\u00f3 a diputados de izquierda y periodistas operadores el informe de gesti\u00f3n en el Congreso"},"content":{"rendered":"<p>El presidente acompa\u00f1\u00f3 la presentaci\u00f3n de Manuel Adorni con fuertes intercambios, en una jornada marcada por la tensi\u00f3n.<\/p>\n","protected":false},"excerpt":{"rendered":"<p>El presidente acompa\u00f1\u00f3 la presentaci\u00f3n de Manuel Adorni con fuertes intercambios, en una jornada marcada por la tensi\u00f3n.<\/p>\n","protected":false},"author":2,"featured_media":21328,"comment_status":"open","ping_status":"open","sticky":false,"template":"","format":"standard","meta":{"_et_pb_use_builder":"","_et_pb_old_content":"","_et_gb_content_width":"","footnotes":""},"categories":[81],"tags":[],"class_list":["post-21327","post","type-post","status-publish","format-standard","has-post-thumbnail","hentry","category-politica"],"_links":{"self":[{"href":"https:\/\/verdadincomodadiario.ar\/index.php?rest_route=\/wp\/v2\/posts\/21327","targetHints":{"allow":["GET"]}}],"collection":[{"href":"https:\/\/verdadincomodadiario.ar\/index.php?rest_route=\/wp\/v2\/posts"}],"about":[{"href":"https:\/\/verdadincomodadiario.ar\/index.php?rest_route=\/wp\/v2\/types\/post"}],"author":[{"embeddable":true,"href":"https:\/\/verdadincomodadiario.ar\/index.php?rest_route=\/wp\/v2\/users\/2"}],"replies":[{"embeddable":true,"href":"https:\/\/verdadincomodadiario.ar\/index.php?rest_route=%2Fwp%2Fv2%2Fcomments&post=21327"}],"version-history":[{"count":0,"href":"https:\/\/verdadincomodadiario.ar\/index.php?rest_route=\/wp\/v2\/posts\/21327\/revisions"}],"wp:featuredmedia":[{"embeddable":true,"href":"https:\/\/verdadincomodadiario.ar\/index.php?rest_route=\/wp\/v2\/media\/21328"}],"wp:attachment":[{"href":"https:\/\/verdadincomodadiario.ar\/index.php?rest_route=%2Fwp%2Fv2%2Fmedia&parent=21327"}],"wp:term":[{"taxonomy":"category","embeddable":true,"href":"https:\/\/verdadincomodadiario.ar\/index.php?rest_route=%2Fwp%2Fv2%2Fcategories&post=21327"},{"taxonomy":"post_tag","embeddable":true,"href":"https:\/\/verdadincomodadiario.ar\/index.php?rest_route=%2Fwp%2Fv2%2Ftags&post=21327"}],"curies":[{"name":"wp","href":"https:\/\/api.w.org\/{rel}","templated":true}]}}