{"id":21319,"date":"2026-04-29T16:23:55","date_gmt":"2026-04-29T16:23:55","guid":{"rendered":"https:\/\/verdadincomodadiario.ar\/?p=21319"},"modified":"2026-04-29T16:23:55","modified_gmt":"2026-04-29T16:23:55","slug":"adorni-presento-el-informe-de-gestion-2026-y-defendio-al-gobierno-de-milei-en-el-congreso","status":"publish","type":"post","link":"https:\/\/verdadincomodadiario.ar\/?p=21319","title":{"rendered":"Adorni present\u00f3 el Informe de Gesti\u00f3n 2026 y defendi\u00f3 al Gobierno de Milei en el Congreso"},"content":{"rendered":"<p>En el Informe, el funcionario afirm\u00f3 que el Gobierno revirti\u00f3 una situaci\u00f3n cr\u00edtica y avanza en reformas estructurales.<\/p>\n","protected":false},"excerpt":{"rendered":"<p>En el Informe, el funcionario afirm\u00f3 que el Gobierno revirti\u00f3 una situaci\u00f3n cr\u00edtica y avanza en reformas estructurales.<\/p>\n","protected":false},"author":2,"featured_media":21320,"comment_status":"open","ping_status":"open","sticky":false,"template":"","format":"standard","meta":{"_et_pb_use_builder":"","_et_pb_old_content":"","_et_gb_content_width":"","footnotes":""},"categories":[81],"tags":[],"class_list":["post-21319","post","type-post","status-publish","format-standard","has-post-thumbnail","hentry","category-politica"],"_links":{"self":[{"href":"https:\/\/verdadincomodadiario.ar\/index.php?rest_route=\/wp\/v2\/posts\/21319","targetHints":{"allow":["GET"]}}],"collection":[{"href":"https:\/\/verdadincomodadiario.ar\/index.php?rest_route=\/wp\/v2\/posts"}],"about":[{"href":"https:\/\/verdadincomodadiario.ar\/index.php?rest_route=\/wp\/v2\/types\/post"}],"author":[{"embeddable":true,"href":"https:\/\/verdadincomodadiario.ar\/index.php?rest_route=\/wp\/v2\/users\/2"}],"replies":[{"embeddable":true,"href":"https:\/\/verdadincomodadiario.ar\/index.php?rest_route=%2Fwp%2Fv2%2Fcomments&post=21319"}],"version-history":[{"count":0,"href":"https:\/\/verdadincomodadiario.ar\/index.php?rest_route=\/wp\/v2\/posts\/21319\/revisions"}],"wp:featuredmedia":[{"embeddable":true,"href":"https:\/\/verdadincomodadiario.ar\/index.php?rest_route=\/wp\/v2\/media\/21320"}],"wp:attachment":[{"href":"https:\/\/verdadincomodadiario.ar\/index.php?rest_route=%2Fwp%2Fv2%2Fmedia&parent=21319"}],"wp:term":[{"taxonomy":"category","embeddable":true,"href":"https:\/\/verdadincomodadiario.ar\/index.php?rest_route=%2Fwp%2Fv2%2Fcategories&post=21319"},{"taxonomy":"post_tag","embeddable":true,"href":"https:\/\/verdadincomodadiario.ar\/index.php?rest_route=%2Fwp%2Fv2%2Ftags&post=21319"}],"curies":[{"name":"wp","href":"https:\/\/api.w.org\/{rel}","templated":true}]}}